{"id":26310,"date":"2018-11-01T14:59:19","date_gmt":"2018-11-01T18:59:19","guid":{"rendered":"https:\/\/amazonia.fiocruz.br\/?p=26310"},"modified":"2018-11-01T14:59:19","modified_gmt":"2018-11-01T18:59:19","slug":"fiocruz-amazonia-recebe-inscricoes-para-processo-seletivo-do-ppgbio-interacao-ate-7-11","status":"publish","type":"post","link":"https:\/\/amazonia.fiocruz.br\/?p=26310","title":{"rendered":"Fiocruz Amaz\u00f4nia recebe inscri\u00e7\u00f5es para processo seletivo do PPGBIO-Intera\u00e7\u00e3o at\u00e9 7\/11"},"content":{"rendered":"<p style=\"text-align: justify;\">Encerram no dia 7\/11, as inscri\u00e7\u00f5es para o processo seletivo do curso de Mestrado Acad\u00eamico do Programa de P\u00f3s-Gradua\u00e7\u00e3o Stricto Sensu em Biologia da Intera\u00e7\u00e3o Pat\u00f3geno Hospedeiro \u2013 PPGBIO-Intera\u00e7\u00e3o, do Instituto Le\u00f4nidas &amp; Maria Deane\u00a0 (ILMD\/Fiocruz Amaz\u00f4nia). Os interessados podem se inscrever por meio de formul\u00e1rio online, dispon\u00edvel na Plataforma Siga: <a href=\"http:\/\/www.sigass.fiocruz.br\/pub\/inscricao.do?codP=127\">http:\/\/www.sigass.fiocruz.br\/pub\/inscricao.do?codP=127<\/a><\/p>\n<p style=\"text-align: justify;\">A Chamada P\u00fablica N\u00ba 002\/2018 do Programa oferece 14 vagas, distribu\u00eddas entre duas linhas de pesquisa: Eco epidemiologia das doen\u00e7as transmiss\u00edveis; e Bioqu\u00edmica, biologia celular e molecular de pat\u00f3genos e seus vetores.<\/p>\n<p style=\"text-align: justify;\">Para se inscrever, o candidato dever\u00e1 apresentar a documenta\u00e7\u00e3o solicitada no <a href=\"http:\/\/www.sigass.fiocruz.br\/pub\/inscricao.do?codP=127\">Edital<\/a>. A admiss\u00e3o no curso de Mestrado ser\u00e1 feita atrav\u00e9s de processo seletivo que \u00e9 composto das seguintes etapas: Homologa\u00e7\u00e3o das inscri\u00e7\u00f5es, Prova Escrita e Prova Oral (Entrevista). Todas as etapas do processo seletivo s\u00e3o eliminat\u00f3rias.<\/p>\n<p style=\"text-align: justify;\">A primeira etapa compreender\u00e1 a an\u00e1lise, pela Comiss\u00e3o de Sele\u00e7\u00e3o da documenta\u00e7\u00e3o, apresentada pelo candidato. A segunda etapa, Prova Escrita, ser\u00e1 discursiva e valer\u00e1 10 (dez) pontos. A terceira etapa ser\u00e1 a Prova Oral, que compreende a avalia\u00e7\u00e3o do projeto de pesquisa, pontua\u00e7\u00e3o do curr\u00edculo lattes e entrevista.<\/p>\n<p style=\"text-align: justify;\"><strong>SOBRE O PPGBIO-INTERA\u00c7\u00c3O<\/strong><\/p>\n<p style=\"text-align: justify;\">O Programa de P\u00f3s-Gradua\u00e7\u00e3o em Biologia da Intera\u00e7\u00e3o Pat\u00f3geno-Hospedeiro \u00e9 curso strictu sensu que tem como ess\u00eancia a din\u00e2mica de transmiss\u00e3o das doen\u00e7as e as intera\u00e7\u00f5es moleculares e celulares da rela\u00e7\u00e3o pat\u00f3geno-hospedeiro no \u00e2mbito da maior biodiversidade mundial.<\/p>\n<p style=\"text-align: justify;\">O PPGBIO-Intera\u00e7\u00e3o se enquadra na grande \u00e1rea em Parasitologia devido a pesquisa e ensino terem \u00eanfase na eco-epidemiologia e biodiversidade de micro-organismos e vetores; fatores de virul\u00eancia, mecanismos fisiopatol\u00f3gicos e imunol\u00f3gicos associados na intera\u00e7\u00e3o parasito-hospedeiro.<\/p>\n<p style=\"text-align: justify;\">Estes diversos aspectos s\u00e3o os principais delineadores para escolha da \u00e1rea de concentra\u00e7\u00e3o da Ci\u00eancias Biol\u00f3gicas III, por esta ser uma \u00e1rea multidisciplinar e baseada no eixo bioqu\u00edmica, gen\u00e9tica, biol\u00f3gico, celular e molecular. Os alunos recebem uma forma\u00e7\u00e3o em \u00e1reas estrat\u00e9gicas por sua import\u00e2ncia e que precisam ser desenvolvidas no Estado.<\/p>\n<h6 style=\"text-align: justify;\"><strong><em>ILMD\/Fiocruz Amaz\u00f4nia, por Eduardo Gomes<\/em><\/strong><\/h6>\n<p style=\"text-align: justify;\">\n","protected":false},"excerpt":{"rendered":"<p>Encerram no dia 7\/11, as inscri\u00e7\u00f5es para o processo seletivo do curso de Mestrado Acad\u00eamico do Programa de P\u00f3s-Gradua\u00e7\u00e3o Stricto Sensu em Biologia da Intera\u00e7\u00e3o Pat\u00f3geno Hospedeiro \u2013 PPGBIO-Intera\u00e7\u00e3o, do Instituto Le\u00f4nidas &amp; Maria Deane\u00a0 (ILMD\/Fiocruz Amaz\u00f4nia). Os interessados podem se inscrever por meio de formul\u00e1rio online, dispon\u00edvel na Plataforma Siga: http:\/\/www.sigass.fiocruz.br\/pub\/inscricao.do?codP=127 A Chamada P\u00fablica [&hellip;]<\/p>\n","protected":false},"author":20,"featured_media":26313,"comment_status":"closed","ping_status":"closed","sticky":false,"template":"","format":"standard","meta":{"footnotes":""},"categories":[15],"tags":[136,119,131,250,205,287],"class_list":["post-26310","post","type-post","status-publish","format-standard","has-post-thumbnail","hentry","category-noticias","tag-fiocruz","tag-ilmd","tag-ilmdfiocruz-amazonia","tag-inscricoes","tag-mestrado","tag-ppgbio-interacao"],"_links":{"self":[{"href":"https:\/\/amazonia.fiocruz.br\/index.php?rest_route=\/wp\/v2\/posts\/26310","targetHints":{"allow":["GET"]}}],"collection":[{"href":"https:\/\/amazonia.fiocruz.br\/index.php?rest_route=\/wp\/v2\/posts"}],"about":[{"href":"https:\/\/amazonia.fiocruz.br\/index.php?rest_route=\/wp\/v2\/types\/post"}],"author":[{"embeddable":true,"href":"https:\/\/amazonia.fiocruz.br\/index.php?rest_route=\/wp\/v2\/users\/20"}],"replies":[{"embeddable":true,"href":"https:\/\/amazonia.fiocruz.br\/index.php?rest_route=%2Fwp%2Fv2%2Fcomments&post=26310"}],"version-history":[{"count":2,"href":"https:\/\/amazonia.fiocruz.br\/index.php?rest_route=\/wp\/v2\/posts\/26310\/revisions"}],"predecessor-version":[{"id":26314,"href":"https:\/\/amazonia.fiocruz.br\/index.php?rest_route=\/wp\/v2\/posts\/26310\/revisions\/26314"}],"wp:featuredmedia":[{"embeddable":true,"href":"https:\/\/amazonia.fiocruz.br\/index.php?rest_route=\/wp\/v2\/media\/26313"}],"wp:attachment":[{"href":"https:\/\/amazonia.fiocruz.br\/index.php?rest_route=%2Fwp%2Fv2%2Fmedia&parent=26310"}],"wp:term":[{"taxonomy":"category","embeddable":true,"href":"https:\/\/amazonia.fiocruz.br\/index.php?rest_route=%2Fwp%2Fv2%2Fcategories&post=26310"},{"taxonomy":"post_tag","embeddable":true,"href":"https:\/\/amazonia.fiocruz.br\/index.php?rest_route=%2Fwp%2Fv2%2Ftags&post=26310"}],"curies":[{"name":"wp","href":"https:\/\/api.w.org\/{rel}","templated":true}]}}