{"id":25864,"date":"2018-07-06T16:50:19","date_gmt":"2018-07-06T20:50:19","guid":{"rendered":"https:\/\/amazonia.fiocruz.br\/?p=25864"},"modified":"2018-07-11T14:41:49","modified_gmt":"2018-07-11T18:41:49","slug":"palestra-do-centro-de-estudos-abordara-pesquisas-sobre-bioprospeccao-de-plantas","status":"publish","type":"post","link":"https:\/\/amazonia.fiocruz.br\/?p=25864","title":{"rendered":"Palestra do Centro de Estudos abordar\u00e1 pesquisas sobre bioprospec\u00e7\u00e3o de plantas"},"content":{"rendered":"<p style=\"text-align: justify;\">O Centro de Estudos do Instituto Le\u00f4nidas &amp; Maria Deane (ILMD\/Fiocruz Amaz\u00f4nia) promove na pr\u00f3xima sexta-feira, 13\/7, a partir de 9h, na Sala 2, pr\u00e9dio anexo do Instituto, a palestra \u201cBioprospec\u00e7\u00e3o de Plantas, seus fungos e seus calos&#8230; o que s\u00e3o, o que produzem?\u201d, a ser ministrada por Cecilia Nunez, tecnologista Senior do Instituto Nacional de Pesquisas da Amaz\u00f4nia (Inpa).<\/p>\n<p style=\"text-align: justify;\">A apresenta\u00e7\u00e3o abordar\u00e1 estudos desenvolvidos pela pesquisadora no Inpa, na \u00e1rea de bioprospec\u00e7\u00e3o de plantas.<\/p>\n<p style=\"text-align: justify;\"><strong>SOBRE A PALESTRANTE<\/strong><\/p>\n<p style=\"text-align: justify;\">Cecilia Nunez \u00e9 graduada em Qu\u00edmica pela Universidade Mackenzie, mestre e doutora em Qu\u00edmica Org\u00e2nica (Produtos Naturais) pela Universidade de S\u00e3o Paulo (1996), possui p\u00f3s-doutorado em Qu\u00edmica Org\u00e2nica (Produtos Naturais) pela Universidade de S\u00e3o Paulo &#8211; S\u00e3o Carlos, e p\u00f3s-doutorado em Farmacognosia pela Universit\u00e9 de Lille-2, Droit et Sant\u00e9, Fran\u00e7a.<\/p>\n<p style=\"text-align: justify;\">Atualmente \u00e9 Tecnologista Senior do Inpa e professora\/orientadora permanente dos Programas de P\u00f3s-Gradua\u00e7\u00e3o em Biotecnologia (UFAM\/Inpa), Biotecnologia \u2013 (UEA\/Inpa) e Bot\u00e2nica \u2013 (Inpa), al\u00e9m de ser professora colaboradora do Programa de P\u00f3s-Gradua\u00e7\u00e3o em Qu\u00edmica &#8211; (UFAM\/Inpa).<\/p>\n<p style=\"text-align: justify;\">Possui experi\u00eancia nas \u00e1reas de Biotecnologia Vegetal e Qu\u00edmica de Produtos Naturais, atuando principalmente nos seguintes temas: bioprospec\u00e7\u00e3o de plantas e de micro-organismos endof\u00edticos, biotecnologia vegetal (obten\u00e7\u00e3o de calos\/cultura de c\u00e9lulas vegetais\/suspens\u00f5es celulares), fracionamento biomonitorado, atividade antioxidante, atividade antimicrobiana, atividade citot\u00f3xica, atividade inseticida, metodologia de separa\u00e7\u00e3o cromatogr\u00e1fica, identifica\u00e7\u00e3o\/elucida\u00e7\u00e3o estrutural de mol\u00e9culas por RMN, an\u00e1lise de misturas por RMN e fotoioniza\u00e7\u00e3o de produtos naturais.<\/p>\n<p style=\"text-align: justify;\"><strong>CENTRO DE ESTUDOS<\/strong><\/p>\n<p style=\"text-align: justify;\">O Centro de Estudos do ILMD\/Fiocruz Amaz\u00f4nia \u00e9 um n\u00facleo que oportuniza encontros, palestras, semin\u00e1rios e debates sobre diversos temas ligados \u00e0 pesquisa e ao ensino para a promo\u00e7\u00e3o da sa\u00fade.<\/p>\n<p style=\"text-align: justify;\">Os eventos s\u00e3o gratuitos e as atividades s\u00e3o destinadas a estudantes de gradua\u00e7\u00e3o e p\u00f3s-gradua\u00e7\u00e3o, pesquisadores, professores e trabalhadores da \u00e1rea da Sa\u00fade.<\/p>\n<p style=\"text-align: justify;\"><strong><em>ILMD\/ Fiocruz Amaz\u00f4nia, por Eduardo Gomes<\/em><\/strong><\/p>\n<p style=\"text-align: justify;\"><strong><em>Imagem: Mackesy Nascimento<\/em><\/strong><\/p>\n","protected":false},"excerpt":{"rendered":"<p>O Centro de Estudos do Instituto Le\u00f4nidas &amp; Maria Deane (ILMD\/Fiocruz Amaz\u00f4nia) promove na pr\u00f3xima sexta-feira, 13\/7, a partir de 9h, na Sala 2, pr\u00e9dio anexo do Instituto, a palestra \u201cBioprospec\u00e7\u00e3o de Plantas, seus fungos e seus calos&#8230; o que s\u00e3o, o que produzem?\u201d, a ser ministrada por Cecilia Nunez, tecnologista Senior do Instituto Nacional [&hellip;]<\/p>\n","protected":false},"author":20,"featured_media":25865,"comment_status":"closed","ping_status":"closed","sticky":false,"template":"","format":"standard","meta":{"footnotes":""},"categories":[15],"tags":[118,136,131],"class_list":["post-25864","post","type-post","status-publish","format-standard","has-post-thumbnail","hentry","category-noticias","tag-centro-de-estudos","tag-fiocruz","tag-ilmdfiocruz-amazonia"],"_links":{"self":[{"href":"https:\/\/amazonia.fiocruz.br\/index.php?rest_route=\/wp\/v2\/posts\/25864","targetHints":{"allow":["GET"]}}],"collection":[{"href":"https:\/\/amazonia.fiocruz.br\/index.php?rest_route=\/wp\/v2\/posts"}],"about":[{"href":"https:\/\/amazonia.fiocruz.br\/index.php?rest_route=\/wp\/v2\/types\/post"}],"author":[{"embeddable":true,"href":"https:\/\/amazonia.fiocruz.br\/index.php?rest_route=\/wp\/v2\/users\/20"}],"replies":[{"embeddable":true,"href":"https:\/\/amazonia.fiocruz.br\/index.php?rest_route=%2Fwp%2Fv2%2Fcomments&post=25864"}],"version-history":[{"count":1,"href":"https:\/\/amazonia.fiocruz.br\/index.php?rest_route=\/wp\/v2\/posts\/25864\/revisions"}],"predecessor-version":[{"id":25866,"href":"https:\/\/amazonia.fiocruz.br\/index.php?rest_route=\/wp\/v2\/posts\/25864\/revisions\/25866"}],"wp:featuredmedia":[{"embeddable":true,"href":"https:\/\/amazonia.fiocruz.br\/index.php?rest_route=\/wp\/v2\/media\/25865"}],"wp:attachment":[{"href":"https:\/\/amazonia.fiocruz.br\/index.php?rest_route=%2Fwp%2Fv2%2Fmedia&parent=25864"}],"wp:term":[{"taxonomy":"category","embeddable":true,"href":"https:\/\/amazonia.fiocruz.br\/index.php?rest_route=%2Fwp%2Fv2%2Fcategories&post=25864"},{"taxonomy":"post_tag","embeddable":true,"href":"https:\/\/amazonia.fiocruz.br\/index.php?rest_route=%2Fwp%2Fv2%2Ftags&post=25864"}],"curies":[{"name":"wp","href":"https:\/\/api.w.org\/{rel}","templated":true}]}}