{"id":25556,"date":"2018-06-15T19:01:23","date_gmt":"2018-06-15T23:01:23","guid":{"rendered":"https:\/\/amazonia.fiocruz.br\/?p=25556"},"modified":"2018-06-15T19:01:23","modified_gmt":"2018-06-15T23:01:23","slug":"centro-de-estudos-da-fiocruz-amazonia-aborda-resistoma-marinho","status":"publish","type":"post","link":"https:\/\/amazonia.fiocruz.br\/?p=25556","title":{"rendered":"Centro de Estudos da Fiocruz Amaz\u00f4nia aborda resistoma marinho"},"content":{"rendered":"<p style=\"text-align: justify;\">O Centro de Estudos do Instituto Le\u00f4nidas &amp; Maria Deane (ILMD\/Fiocruz Amaz\u00f4nia) recebeu nesta sexta-feira, 15\/6, a pesquisadora Ana Carolina Vicente, chefe do Laborat\u00f3rio de Gen\u00e9tica Molecular de Microorganismos, do Instituto Oswaldo Cruz (IOC\/Fiocruz), para apresentar a palestra \u201cO resistoma marinho\u201d.<\/p>\n<p style=\"text-align: justify;\">A apresenta\u00e7\u00e3o faz refer\u00eancia ao estudo \u201c<a href=\"https:\/\/www.frontiersin.org\/articles\/10.3389\/fmicb.2018.00677\/full\" target=\"_blank\" rel=\"noopener\">The Resistome of Low-Impacted Marine Environments Is Composed by Distant Metallo-\u03b2-Lactamases Homologs<\/a>\u201d, desenvolvido por pesquisadores do IOC, e publicado em abril de 2018, na revista Frontiers in Microbiology.<\/p>\n<p style=\"text-align: justify;\">Segundo a pesquisadora, o estudo traz importante dados cient\u00edficos, frente \u00e0 quest\u00e3o das bact\u00e9rias que tem se tronado resistentes aos antibi\u00f3ticos aplicados nas cl\u00ednicas, gerando uma afli\u00e7\u00e3o na sa\u00fade p\u00fablica, \u201cpois \u00e0 medida que elas passam a se tornar mais resistentes, os sistemas de sa\u00fade do planeta deixam de possuir ferramentas para debelar algumas infec\u00e7\u00f5es\u201d, disse.<\/p>\n<p style=\"text-align: justify;\">A pesquisa busca entender de onde vem essa resist\u00eancia que surge, \u00e0s vezes, de forma muito imediata. \u201cBuscamos entender dentro dos ambientes marinhos, se bact\u00e9rias ou outros organismos poderiam estar atuando como reservat\u00f3rio destes genes\u201d, explicou Ana Carolina. O conjunto de genes associados \u00e0 resist\u00eancia das bact\u00e9rias aos antimicrobianos, presentes em um determinado ambiente, \u00e9 conhecido como \u201cResistoma\u201d.<\/p>\n<p style=\"text-align: justify;\">Segundo o estudo, evid\u00eancias caracterizam a microbiota de ambientes naturais como fonte e\/ou reservat\u00f3rio destes genes. O estudo revelou que nos ambientes marinhos, n\u00e3o impactos pela a\u00e7\u00e3o do homem, n\u00e3o foram encontradas evid\u00eancias de que eles seriam reservat\u00f3rios dos gens relacionados \u00e0 resist\u00eancia aos antibi\u00f3ticos<\/p>\n<p style=\"text-align: justify;\"><strong>SOBRE A PALESTRANTE<\/strong><\/p>\n<p style=\"text-align: justify;\">Ana Carolina Vicente \u00e9 pesquisadora titular da Funda\u00e7\u00e3o Oswaldo Cruz e foi criadora do Laborat\u00f3rio de Gen\u00e9tica Molecular de Microrganismos. Possui gradua\u00e7\u00e3o em Biologia, mestrado em Ci\u00eancias Biol\u00f3gicas (Biof\u00edsica), e doutorado em Ci\u00eancias Biol\u00f3gicas (Gen\u00e9tica) pela Universidade Federal do Rio de Janeiro.<\/p>\n<p style=\"text-align: justify;\">Atua nas seguintes \u00e1reas de interesse, produ\u00e7\u00e3o cient\u00edfica e forma\u00e7\u00e3o de pesquisadores: Gen\u00f4mica de Microrganismos, Gen\u00e9tica de Popula\u00e7\u00e3o de Microrganismos (v\u00edrus e bact\u00e9rias), Taxonomia e Evolu\u00e7\u00e3o de V\u00edrus e Bact\u00e9rias, al\u00e9m de Gen\u00e9tica e evolu\u00e7\u00e3o da resist\u00eancia das bact\u00e9rias aos antimicrobianos.<\/p>\n<p style=\"text-align: justify;\"><strong>CENTRO DE ESTUDOS<\/strong><\/p>\n<p style=\"text-align: justify;\">O Centro de Estudos do ILMD\/Fiocruz Amaz\u00f4nia \u00e9 um n\u00facleo que oportuniza encontros, palestras, semin\u00e1rios e debates sobre diversos temas ligados \u00e0 pesquisa e ao ensino para a promo\u00e7\u00e3o da sa\u00fade.<\/p>\n<p style=\"text-align: justify;\">Os eventos s\u00e3o gratuitos e ocorrem \u00e0s sextas-feiras. As atividades s\u00e3o destinadas a estudantes de gradua\u00e7\u00e3o e p\u00f3s-gradua\u00e7\u00e3o, pesquisadores, professores e trabalhadores da \u00e1rea da Sa\u00fade.<\/p>\n<h6 style=\"text-align: justify;\"><em><strong>ILMD\/ Fiocruz Amaz\u00f4nia, por Eduardo Gomes<\/strong><\/em><\/h6>\n<h6 style=\"text-align: justify;\"><em><strong>Fotos Eduardo gomes<\/strong><\/em><\/h6>\n","protected":false},"excerpt":{"rendered":"<p>O Centro de Estudos do Instituto Le\u00f4nidas &amp; Maria Deane (ILMD\/Fiocruz Amaz\u00f4nia) recebeu nesta sexta-feira, 15\/6, a pesquisadora Ana Carolina Vicente, chefe do Laborat\u00f3rio de Gen\u00e9tica Molecular de Microorganismos, do Instituto Oswaldo Cruz (IOC\/Fiocruz), para apresentar a palestra \u201cO resistoma marinho\u201d. A apresenta\u00e7\u00e3o faz refer\u00eancia ao estudo \u201cThe Resistome of Low-Impacted Marine Environments Is Composed [&hellip;]<\/p>\n","protected":false},"author":29,"featured_media":25557,"comment_status":"closed","ping_status":"closed","sticky":false,"template":"","format":"standard","meta":{"footnotes":""},"categories":[15],"tags":[118,136,120,131],"class_list":["post-25556","post","type-post","status-publish","format-standard","has-post-thumbnail","hentry","category-noticias","tag-centro-de-estudos","tag-fiocruz","tag-fiocruz-amazonia","tag-ilmdfiocruz-amazonia"],"_links":{"self":[{"href":"https:\/\/amazonia.fiocruz.br\/index.php?rest_route=\/wp\/v2\/posts\/25556","targetHints":{"allow":["GET"]}}],"collection":[{"href":"https:\/\/amazonia.fiocruz.br\/index.php?rest_route=\/wp\/v2\/posts"}],"about":[{"href":"https:\/\/amazonia.fiocruz.br\/index.php?rest_route=\/wp\/v2\/types\/post"}],"author":[{"embeddable":true,"href":"https:\/\/amazonia.fiocruz.br\/index.php?rest_route=\/wp\/v2\/users\/29"}],"replies":[{"embeddable":true,"href":"https:\/\/amazonia.fiocruz.br\/index.php?rest_route=%2Fwp%2Fv2%2Fcomments&post=25556"}],"version-history":[{"count":2,"href":"https:\/\/amazonia.fiocruz.br\/index.php?rest_route=\/wp\/v2\/posts\/25556\/revisions"}],"predecessor-version":[{"id":25559,"href":"https:\/\/amazonia.fiocruz.br\/index.php?rest_route=\/wp\/v2\/posts\/25556\/revisions\/25559"}],"wp:featuredmedia":[{"embeddable":true,"href":"https:\/\/amazonia.fiocruz.br\/index.php?rest_route=\/wp\/v2\/media\/25557"}],"wp:attachment":[{"href":"https:\/\/amazonia.fiocruz.br\/index.php?rest_route=%2Fwp%2Fv2%2Fmedia&parent=25556"}],"wp:term":[{"taxonomy":"category","embeddable":true,"href":"https:\/\/amazonia.fiocruz.br\/index.php?rest_route=%2Fwp%2Fv2%2Fcategories&post=25556"},{"taxonomy":"post_tag","embeddable":true,"href":"https:\/\/amazonia.fiocruz.br\/index.php?rest_route=%2Fwp%2Fv2%2Ftags&post=25556"}],"curies":[{"name":"wp","href":"https:\/\/api.w.org\/{rel}","templated":true}]}}