{"id":25017,"date":"2018-05-09T16:09:28","date_gmt":"2018-05-09T20:09:28","guid":{"rendered":"https:\/\/amazonia.fiocruz.br\/?p=25017"},"modified":"2018-05-09T16:11:11","modified_gmt":"2018-05-09T20:11:11","slug":"centro-de-estudos-abordara-prevalencia-de-bacteria-causadora-da-meningite-meningococica-em-populacoes-indigenas-do-amazonas","status":"publish","type":"post","link":"https:\/\/amazonia.fiocruz.br\/?p=25017","title":{"rendered":"Centro de Estudos abordar\u00e1 preval\u00eancia de bact\u00e9ria causadora da meningite meningoc\u00f3cica em popula\u00e7\u00f5es ind\u00edgenas do Amazonas"},"content":{"rendered":"<p style=\"text-align: justify;\">O Instituto Le\u00f4nidas &amp; Maria Deane (ILMD\/Fiocruz Amaz\u00f4nia) promove na pr\u00f3xima sexta-feira, 11\/5, a partir de 9h, na sala de aula 2, pr\u00e9dio anexo da Institui\u00e7\u00e3o, a palestra \u201cInvestiga\u00e7\u00e3o da infec\u00e7\u00e3o subcl\u00ednica de <em>Neisseria meningitidis<\/em> em popula\u00e7\u00f5es ind\u00edgenas do Amazonas\u201d, a ser ministrada pela pesquisadora, K\u00e1tia Maria da Silva Lima, Tecnologista do Laborat\u00f3rio Diversidade Microbiana da Amaz\u00f4nia com Import\u00e2ncia para a Sa\u00fade (DMAIS\/ILMD Fiocruz Amaz\u00f4nia).<\/p>\n<p style=\"text-align: justify;\">O estudo que ser\u00e1 apresentado faz parte dos resultados da tese de doutorado da pesquisadora. \u201cNosso objetivo foi estudar a preval\u00eancia da infec\u00e7\u00e3o assintom\u00e1tica por <em>Neisseria meningitidis, <\/em>bact\u00e9ria que causa a meningite meningoc\u00f3cica (tipo C). Estudamos a preval\u00eancia dessa bact\u00e9ria nos ind\u00edgenas assintom\u00e1ticos, ou seja, aqueles ind\u00edgenas que n\u00e3o est\u00e3o com a doen\u00e7a, mas que ao fazermos a coleta na nasofaringe, identificamos a presen\u00e7a da bact\u00e9ria\u201d, explicou.<\/p>\n<p style=\"text-align: justify;\">A meningite meningoc\u00f3cica \u00e9 um tipo de meningite bacteriana que \u00e9 causada pela bact\u00e9ria <em>Neisseria Meningitidis<\/em>. Para a pesquisadora, o estudo possui grande import\u00e2ncia ao identificar a preval\u00eancia da bact\u00e9ria entre os ind\u00edgenas, por ser uma popula\u00e7\u00e3o que reside em lugares de dif\u00edcil acesso, longe de laborat\u00f3rios e hospitais que possam dar uma assist\u00eancia adequada para casos de meningite.<\/p>\n<p style=\"text-align: justify;\">Segunda K\u00e1tia, a pesquisa possibilitou o levantamento de dados secund\u00e1rios sobre a doen\u00e7a em popula\u00e7\u00f5es ind\u00edgenas no Amazonas, al\u00e9m de importantes informa\u00e7\u00f5es sobre a cobertura vacinal, atrav\u00e9s da carteira de vacina\u00e7\u00e3o dos ind\u00edgenas, visando entender um pouco mais a epidemiologia da doen\u00e7a nessas \u00e1reas. Participaram da pesquisa tr\u00eas aldeias ind\u00edgenas de etnias diferentes: <em>Mura<\/em>, <em>Munduruku<\/em> e <em>Mura Pirah\u00e3.<\/em><\/p>\n<p style=\"text-align: justify;\"><strong>SOBRE A PALESTRANTE<\/strong><\/p>\n<p style=\"text-align: justify;\">Katia Lima \u00e9 doutora em Ci\u00eancias pelo Programa de P\u00f3s-gradua\u00e7\u00e3o em Medicina Tropical do Instituto Oswaldo Cruz (IOC), mestra em Sociedade e Cultura na Amaz\u00f4nia, graduada em Servi\u00e7o Social pela Universidade Federal do Amazonas (UFAM). Atualmente \u00e9 Tecnologista do ILMD\/ Fiocruz Amaz\u00f4nia. Possui experi\u00eancia na \u00e1rea da Sa\u00fade P\u00fablica, com \u00eanfase em An\u00e1lise das Condi\u00e7\u00f5es socioambientais e Sa\u00fade na Amaz\u00f4nia, atuando principalmente nos seguintes temas: Pol\u00edticas de Sa\u00fade, Sa\u00fade Ind\u00edgena, Meningite, Leptospirose.<\/p>\n<p style=\"text-align: justify;\"><strong>CENTRO DE ESTUDOS<\/strong><\/p>\n<p style=\"text-align: justify;\">O Centro de Estudos do ILMD\/Fiocruz Amaz\u00f4nia \u00e9 um n\u00facleo que oportuniza encontros, palestras, semin\u00e1rios e debates sobre diversos temas ligados \u00e0 pesquisa e ao ensino para a promo\u00e7\u00e3o da sa\u00fade.<\/p>\n<p style=\"text-align: justify;\">Os eventos s\u00e3o gratuitos e ocorrem \u00e0s sextas-feiras. As atividades s\u00e3o destinadas a estudantes de gradua\u00e7\u00e3o e p\u00f3s-gradua\u00e7\u00e3o, pesquisadores, professores e trabalhadores da \u00e1rea da Sa\u00fade.<\/p>\n<h6 style=\"text-align: justify;\"><em><strong>ILMD\/ Fiocruz Amaz\u00f4nia, por Eduard<\/strong><strong>o Gomes<\/strong><\/em><\/h6>\n","protected":false},"excerpt":{"rendered":"<p>O Instituto Le\u00f4nidas &amp; Maria Deane (ILMD\/Fiocruz Amaz\u00f4nia) promove na pr\u00f3xima sexta-feira, 11\/5, a partir de 9h, na sala de aula 2, pr\u00e9dio anexo da Institui\u00e7\u00e3o, a palestra \u201cInvestiga\u00e7\u00e3o da infec\u00e7\u00e3o subcl\u00ednica de Neisseria meningitidis em popula\u00e7\u00f5es ind\u00edgenas do Amazonas\u201d, a ser ministrada pela pesquisadora, K\u00e1tia Maria da Silva Lima, Tecnologista do Laborat\u00f3rio Diversidade Microbiana [&hellip;]<\/p>\n","protected":false},"author":20,"featured_media":25018,"comment_status":"closed","ping_status":"closed","sticky":false,"template":"","format":"standard","meta":{"footnotes":""},"categories":[15,1],"tags":[176,118,136,120,131,299,559,160],"class_list":["post-25017","post","type-post","status-publish","format-standard","has-post-thumbnail","hentry","category-noticias","category-outras","tag-amazonas","tag-centro-de-estudos","tag-fiocruz","tag-fiocruz-amazonia","tag-ilmdfiocruz-amazonia","tag-menigite","tag-neisseria-meningitidis","tag-populacoes-indigenas"],"_links":{"self":[{"href":"https:\/\/amazonia.fiocruz.br\/index.php?rest_route=\/wp\/v2\/posts\/25017","targetHints":{"allow":["GET"]}}],"collection":[{"href":"https:\/\/amazonia.fiocruz.br\/index.php?rest_route=\/wp\/v2\/posts"}],"about":[{"href":"https:\/\/amazonia.fiocruz.br\/index.php?rest_route=\/wp\/v2\/types\/post"}],"author":[{"embeddable":true,"href":"https:\/\/amazonia.fiocruz.br\/index.php?rest_route=\/wp\/v2\/users\/20"}],"replies":[{"embeddable":true,"href":"https:\/\/amazonia.fiocruz.br\/index.php?rest_route=%2Fwp%2Fv2%2Fcomments&post=25017"}],"version-history":[{"count":2,"href":"https:\/\/amazonia.fiocruz.br\/index.php?rest_route=\/wp\/v2\/posts\/25017\/revisions"}],"predecessor-version":[{"id":25020,"href":"https:\/\/amazonia.fiocruz.br\/index.php?rest_route=\/wp\/v2\/posts\/25017\/revisions\/25020"}],"wp:featuredmedia":[{"embeddable":true,"href":"https:\/\/amazonia.fiocruz.br\/index.php?rest_route=\/wp\/v2\/media\/25018"}],"wp:attachment":[{"href":"https:\/\/amazonia.fiocruz.br\/index.php?rest_route=%2Fwp%2Fv2%2Fmedia&parent=25017"}],"wp:term":[{"taxonomy":"category","embeddable":true,"href":"https:\/\/amazonia.fiocruz.br\/index.php?rest_route=%2Fwp%2Fv2%2Fcategories&post=25017"},{"taxonomy":"post_tag","embeddable":true,"href":"https:\/\/amazonia.fiocruz.br\/index.php?rest_route=%2Fwp%2Fv2%2Ftags&post=25017"}],"curies":[{"name":"wp","href":"https:\/\/api.w.org\/{rel}","templated":true}]}}