{"id":24870,"date":"2018-04-26T18:14:27","date_gmt":"2018-04-26T22:14:27","guid":{"rendered":"https:\/\/amazonia.fiocruz.br\/?p=24870"},"modified":"2018-04-26T18:14:27","modified_gmt":"2018-04-26T22:14:27","slug":"seminario-na-fiocruz-amazonia-aborda-educacao-permanente-e-saude-da-familia","status":"publish","type":"post","link":"https:\/\/amazonia.fiocruz.br\/?p=24870","title":{"rendered":"Semin\u00e1rio na Fiocruz Amaz\u00f4nia aborda educa\u00e7\u00e3o permanente e sa\u00fade da fam\u00edlia"},"content":{"rendered":"<p style=\"text-align: justify;\">Com o tema \u201cCampo (Inter)disciplinar da Sa\u00fade da Fam\u00edlia: a interface com a educa\u00e7\u00e3o e o cotidiano do trabalho na aten\u00e7\u00e3o b\u00e1sica\u201d, teve in\u00edcio nesta quarta-feira, 26\/4, o Semin\u00e1rio Sa\u00fade da Fam\u00edlia, promovido pelo Programa de Mestrado Acad\u00eamico em Sa\u00fade da Fam\u00edlia (ProfSa\u00fade), desenvolvido no Amazonas pelo Instituto Le\u00f4nidas &amp; Maria Deane (ILMD\/Fiocruz Amaz\u00f4nia) e Escola de Sa\u00fade da Universidade do Estado do Amazonas (UEA), em rede com diversas institui\u00e7\u00f5es de ensino e pesquisa brasileiras.<\/p>\n<p style=\"text-align: justify;\">O semin\u00e1rio acontece at\u00e9 amanh\u00e3, 27\/4, e pretende promover reflex\u00e3o sobre processos educativos na pr\u00e1tica da aten\u00e7\u00e3o b\u00e1sica. Al\u00e9m disso, est\u00e3o sendo realizadas aulas de qualifica\u00e7\u00e3o de projetos dos mestrandos no \u00e2mbito da tem\u00e1tica \u201cSa\u00fade da Fam\u00edlia\u201d. O evento re\u00fane gestores, trabalhadores de sa\u00fade, estudantes de gradua\u00e7\u00e3o e p\u00f3s-gradua\u00e7\u00e3o na \u00e1rea da sa\u00fade.<\/p>\n<p style=\"text-align: justify;\">Para o Coordenador do ProfSa\u00fade\/ILMD Fiocruz Amaz\u00f4nia, Rodrigo Tobias, o programa possui grande relev\u00e2ncia por atuar principalmente na gera\u00e7\u00e3o de conhecimento de profissionais que atua diretamente na aten\u00e7\u00e3o b\u00e1sica, proporcionando interven\u00e7\u00f5es diretas ao Sistema \u00danico de Sa\u00fade (SUS). \u201cEsse \u00e9 a miss\u00e3o de um programa profissionalizante em sa\u00fade da fam\u00edlia, pensar solu\u00e7\u00f5es pr\u00e1ticas para interven\u00e7\u00e3o de um SUS com qualidade. Isso \u00e9 importante para a sociedade, pois n\u00e3o se trata simplesmente de um investimento no conhecimento, mas no investimento do conhecimento de profissionais da sa\u00fade que fazem acontecer a Aten\u00e7\u00e3o B\u00e1sica e prim\u00e1ria em seus lugares, no Estado do Amazonas\u201d, destacou.<\/p>\n<p style=\"text-align: justify;\">Compuseram a mesa de abertura do evento, a coordenadora do ProfSa\u00fade\/ UEA, \u00c2ngela Xavier; o coordenador ProfSa\u00fade\/ ILMD Fiocruz Amaz\u00f4nia, Rodrigo Tobias; o secret\u00e1rio municipal de sa\u00fade de itapiranga (AM), Jairo Pereira, representando o presidente do Conselho Estadual dos Secret\u00e1rios Municipais de Sa\u00fade do Amazonas (Cosems-AM); a gerente da Rede de Cuidados Cr\u00f4nicos da Secretaria Municipal de Sa\u00fade (SEMSA), Luana Amaral, representando o secret\u00e1rio municipal de sa\u00fade de Manaus, Marcelo Magaldi; o diretor do Departamento de Aten\u00e7\u00e3o B\u00e1sica da Secretaria de Estado da Sa\u00fade do Amazonas (Susam), e a assessora da diretoria do ILMD\/Fiocruz Amaz\u00f4nia, Maria Olivia Sim\u00e3o.<\/p>\n<p><img decoding=\"async\" class=\"aligncenter wp-image-24872 size-entry_with_sidebar\" src=\"https:\/\/amazonia.fiocruz.br\/wp-content\/uploads\/2018\/04\/IMG_2970-640x321.jpg\" alt=\"\" width=\"640\" height=\"321\" \/><\/p>\n<p style=\"text-align: justify;\">O evento contou com a aula magna \u201cEduca\u00e7\u00e3o permanente e aten\u00e7\u00e3o b\u00e1sica: Complexidade no trabalho e aprendizagem no cotidiano\u201d, ministrada pelo pesquisador Alcindo Ferla, docente do Programa de P\u00f3s-Gradua\u00e7\u00e3o em Sa\u00fade Coletiva (PPGCol), da Universidade Federal do Rio Grande do Sul (UFRGS).<\/p>\n<p style=\"text-align: justify;\">O palestrante destacou a relev\u00e2ncia do programa de mestrado profissionalizante para as institui\u00e7\u00f5es de ensino e pesquisa no Amazonas. \u201cEssa din\u00e2mica de institui\u00e7\u00f5es de refer\u00eancia no ensino e na pesquisa trazerem profissionais que atuam no cotidiano do trabalho assistencial \u00e9 uma via de duas m\u00e3os sempre. Precisamos reconhecer a import\u00e2ncia e ousadia do Instituto, pois esse mestrado vai al\u00e9m das quest\u00f5es epistemol\u00f3gicas de renova\u00e7\u00e3o do conhecimento que faz bem para as Institui\u00e7\u00f5es de pesquisa e ensino\u201d, pontou Ferla.<\/p>\n<p style=\"text-align: justify;\">Para a Coordenadora do ProfSa\u00fade\/UEA, Angela Xavier, a qualifica\u00e7\u00e3o desta primeira turma apresenta resultados bastante positivos. \u201cEssa aproxima\u00e7\u00e3o que estamos trazendo do conhecimento cient\u00edfico com a pr\u00e1tica, e com esses profissionais que est\u00e3o na ponta, \u00e9 extremamente importante, e nos possibilita observar o progresso dos alunos nessa primeira parte do mestrado, visto que eles est\u00e3o conseguindo levar um pouco desse conhecimento para o processo de trabalho deles, levando mudan\u00e7as e reflex\u00f5es sobre de trabalho que eles desenvolvem na ponta, nas unidades de sa\u00fade\u201d, disse.<\/p>\n<p style=\"text-align: justify;\"><strong>SOBRE O PROGRAMA<\/strong><\/p>\n<p style=\"text-align: justify;\">O ProfSa\u00fade \u00e9 um programa de p\u00f3s-gradua\u00e7\u00e3o stricto sensu realizado em rede, que tem por finalidade formar profissionais de sa\u00fade que atuam na Sa\u00fade da Fam\u00edlia\/Aten\u00e7\u00e3o B\u00e1sica. Al\u00e9m disso, o programa pretende fomentar a produ\u00e7\u00e3o de novos conhecimentos e inova\u00e7\u00f5es na aten\u00e7\u00e3o b\u00e1sica no Pa\u00eds, respeitando a diversidade regional e integrando institui\u00e7\u00f5es acad\u00eamicas e gestores da sa\u00fade p\u00fablica.<\/p>\n<p style=\"text-align: justify;\">O Programa \u00e9 reconhecido pela Coordena\u00e7\u00e3o de Aperfei\u00e7oamento de Pessoal de N\u00edvel Superior (CAPES) do Minist\u00e9rio da Educa\u00e7\u00e3o, resultado da parceria entre a Associa\u00e7\u00e3o Brasileira de Sa\u00fade Coletiva (Abrasco) e a Funda\u00e7\u00e3o Oswaldo Cruz (Fiocruz), e conta com o apoio da Associa\u00e7\u00e3o Brasileira de Educa\u00e7\u00e3o M\u00e9dica (Abem), da Sociedade Brasileira de Medicina de Fam\u00edlia e Comunidade (SBMFC) e dos minist\u00e9rios da Sa\u00fade e da Educa\u00e7\u00e3o.<\/p>\n<p style=\"text-align: justify;\"><strong><em>ILMD\/Fiocruz Amaz\u00f4nia, por Eduardo Gomes<\/em><\/strong><\/p>\n<p>&nbsp;<\/p>\n<p>&nbsp;<\/p>\n<p>&nbsp;<\/p>\n","protected":false},"excerpt":{"rendered":"<p>Com o tema \u201cCampo (Inter)disciplinar da Sa\u00fade da Fam\u00edlia: a interface com a educa\u00e7\u00e3o e o cotidiano do trabalho na aten\u00e7\u00e3o b\u00e1sica\u201d, teve in\u00edcio nesta quarta-feira, 26\/4, o Semin\u00e1rio Sa\u00fade da Fam\u00edlia, promovido pelo Programa de Mestrado Acad\u00eamico em Sa\u00fade da Fam\u00edlia (ProfSa\u00fade), desenvolvido no Amazonas pelo Instituto Le\u00f4nidas &amp; Maria Deane (ILMD\/Fiocruz Amaz\u00f4nia) e [&hellip;]<\/p>\n","protected":false},"author":20,"featured_media":24873,"comment_status":"closed","ping_status":"closed","sticky":false,"template":"","format":"standard","meta":{"footnotes":""},"categories":[15],"tags":[120,131,205,549,548,550],"class_list":["post-24870","post","type-post","status-publish","format-standard","has-post-thumbnail","hentry","category-noticias","tag-fiocruz-amazonia","tag-ilmdfiocruz-amazonia","tag-mestrado","tag-mestrado-profissional","tag-profsaude","tag-saude-da-familia"],"_links":{"self":[{"href":"https:\/\/amazonia.fiocruz.br\/index.php?rest_route=\/wp\/v2\/posts\/24870","targetHints":{"allow":["GET"]}}],"collection":[{"href":"https:\/\/amazonia.fiocruz.br\/index.php?rest_route=\/wp\/v2\/posts"}],"about":[{"href":"https:\/\/amazonia.fiocruz.br\/index.php?rest_route=\/wp\/v2\/types\/post"}],"author":[{"embeddable":true,"href":"https:\/\/amazonia.fiocruz.br\/index.php?rest_route=\/wp\/v2\/users\/20"}],"replies":[{"embeddable":true,"href":"https:\/\/amazonia.fiocruz.br\/index.php?rest_route=%2Fwp%2Fv2%2Fcomments&post=24870"}],"version-history":[{"count":2,"href":"https:\/\/amazonia.fiocruz.br\/index.php?rest_route=\/wp\/v2\/posts\/24870\/revisions"}],"predecessor-version":[{"id":24874,"href":"https:\/\/amazonia.fiocruz.br\/index.php?rest_route=\/wp\/v2\/posts\/24870\/revisions\/24874"}],"wp:featuredmedia":[{"embeddable":true,"href":"https:\/\/amazonia.fiocruz.br\/index.php?rest_route=\/wp\/v2\/media\/24873"}],"wp:attachment":[{"href":"https:\/\/amazonia.fiocruz.br\/index.php?rest_route=%2Fwp%2Fv2%2Fmedia&parent=24870"}],"wp:term":[{"taxonomy":"category","embeddable":true,"href":"https:\/\/amazonia.fiocruz.br\/index.php?rest_route=%2Fwp%2Fv2%2Fcategories&post=24870"},{"taxonomy":"post_tag","embeddable":true,"href":"https:\/\/amazonia.fiocruz.br\/index.php?rest_route=%2Fwp%2Fv2%2Ftags&post=24870"}],"curies":[{"name":"wp","href":"https:\/\/api.w.org\/{rel}","templated":true}]}}