{"id":24400,"date":"2018-04-03T21:13:23","date_gmt":"2018-04-03T21:13:23","guid":{"rendered":"https:\/\/amazonia.fiocruz.br\/?p=24400"},"modified":"2018-04-03T21:23:17","modified_gmt":"2018-04-03T21:23:17","slug":"13o-congresso-internacional-da-rede-unida-lanca-premio-antonio-levino","status":"publish","type":"post","link":"https:\/\/amazonia.fiocruz.br\/?p=24400","title":{"rendered":"13\u00ba Congresso Internacional da Rede Unida lan\u00e7a pr\u00eamio Ant\u00f4nio Levino"},"content":{"rendered":"<p style=\"text-align: justify;\">A comiss\u00e3o organizadora do 13\u00ba Congresso Internacional da Rede Unida lan\u00e7a edital do <a href=\"http:\/\/www.redeunida.org.br\/media\/edital_files\/Edital_Pr%C3%AAmio_Ant%C3%B4nio_Levino.pdf\" target=\"_blank\" rel=\"noopener\"><strong>Pr\u00eamio Ant\u00f4nio Levino &#8211; Experi\u00eancias de Pol\u00edticas P\u00fablicas Inclusivas<\/strong><\/a>. As inscri\u00e7\u00f5es ocorrem de 3\/4 a 2\/5 de 2018, e podem ser feitas atrav\u00e9s do preenchimento da <a href=\"https:\/\/docs.google.com\/forms\/d\/e\/1FAIpQLSdjJcj9HvZLryHeLqiWkfR238u3SlMunpAW2ewbg-j9EE8qVw\/viewform\" target=\"_blank\" rel=\"noopener\"><strong>ficha de inscri\u00e7\u00e3o<\/strong><\/a>, dispon\u00edvel no site do congresso.<\/p>\n<p style=\"text-align: justify;\">O objetivo \u00e9 premiar experi\u00eancias na \u00e1rea das pol\u00edticas p\u00fablicas, desenvolvidas por institui\u00e7\u00f5es p\u00fablicas ou privadas, organiza\u00e7\u00f5es da sociedade civil ou coletivos que possuam capacidade de inclus\u00e3o de grupos populacionais vulner\u00e1veis, promovendo cidadania e atuando sobre a qualidade de vida do grupo e a defesa dos direitos humanos. A iniciativa dever\u00e1 ser apresentada por associados da Rede Unida ou institui\u00e7\u00f5es parceiras, contendo a identifica\u00e7\u00e3o, justificativa e apresenta\u00e7\u00e3o, para an\u00e1lise da comiss\u00e3o julgadora.<\/p>\n<p style=\"text-align: justify;\">De acordo com a comiss\u00e3o organizadora do congresso, essa \u00e9 uma homenagem \u00e0 trajet\u00f3ria do m\u00e9dico e pesquisador, Ant\u00f4nio Levino, e \u00e0s iniciativas das quais ele participou. A comiss\u00e3o ressalta tamb\u00e9m a import\u00e2ncia dessa a\u00e7\u00e3o pol\u00edtica realizada pela Rede Unida, para dar visibilidade \u00e0 resist\u00eancia democr\u00e1tica e \u00e0s pol\u00edticas inclusivas, destacando o desenvolvimento social, as experi\u00eancias de fortalecimento das diversidades de pensamento e modos de existir, e de supera\u00e7\u00e3o das adversidades que marcam a exist\u00eancia de expressivos segmentos da popula\u00e7\u00e3o brasileira e mundial, colocados \u00e0 margem do chamado \u201cdesenvolvimento econ\u00f4mico\u201d e expostos em momentos de crises.<\/p>\n<p style=\"text-align: justify;\"><strong>PROPOSTAS<\/strong><\/p>\n<p style=\"text-align: justify;\">Al\u00e9m de a\u00e7\u00f5es diretas inclusivas, as experi\u00eancias dever\u00e3o demonstrar capacidade de problematizar a cultura de viol\u00eancia e vulnerabiliza\u00e7\u00e3o, com iniciativas que possibilitem expandir o debate para al\u00e9m dos grupos diretamente atendidos e renovar a cultura vigente, fortalecendo e fazendo circular ideias de direitos humanos, democratiza\u00e7\u00e3o e cidadania.<\/p>\n<p style=\"text-align: justify;\">Os premiados receber\u00e3o certificado, publica\u00e7\u00e3o da experi\u00eancia em diferentes m\u00eddias, e inscri\u00e7\u00e3o na pr\u00f3xima edi\u00e7\u00e3o do Congresso. A premia\u00e7\u00e3o correr\u00e1 durante a abertura do do 13\u00ba Congresso Internacional da Rede Unida.<\/p>\n<p style=\"text-align: justify;\"><strong>HOMENAGEADO<\/strong><\/p>\n<p style=\"text-align: justify;\">Ant\u00f4nio Levino foi graduado em medicina e especialista em vigil\u00e2ncia da sa\u00fade pela Universidade Federal do Amazonas (UFAM), mestre e doutor em sa\u00fade p\u00fablica pela Funda\u00e7\u00e3o Oswaldo Cruz (FIOCRUZ).<\/p>\n<p style=\"text-align: justify;\">Atuou como professor da Faculdade de Medicina da UFAM, pesquisador em Sa\u00fade P\u00fablica do <strong>Instituto Le\u00f4nidas &amp; Maria Deane (ILMD\/ Fiocruz Amaz\u00f4nia)<\/strong> no Laborat\u00f3rio de Hist\u00f3ria, Pol\u00edticas P\u00fablicas e Sa\u00fade na Amaz\u00f4nia (LAHPSA), orientador permanente e Sub-Coordenador do Programa Multiinstitucional de P\u00f3s-Gradua\u00e7\u00e3o em Sa\u00fade Sociedade e Endemias na Amaz\u00f4nia (PPGSSEA) da UFAM\/Fiocruz Amaz\u00f4nia.<\/p>\n<p style=\"text-align: justify;\">Suas experi\u00eancias na \u00e1rea de Sa\u00fade Coletiva tiveram foco principalmente nos seguintes temas: sa\u00fade p\u00fablica, pol\u00edticas p\u00fablicas na \u00e1rea de sa\u00fade, avalia\u00e7\u00e3o de programas e servi\u00e7os de sa\u00fade, sa\u00fade em \u00e1reas de fronteira, geoprocessamento, epidemiologia e educa\u00e7\u00e3o em sa\u00fade.<\/p>\n<p style=\"text-align: justify;\">Foi militante do Partido Comunista do Brasil (PCdoB), no qual atuou nas dire\u00e7\u00f5es nacional, estadual do Amazonas e municipal de Manaus. Atuou intensamente, desde sua inser\u00e7\u00e3o no movimento estudantil universit\u00e1rio, na defesa de direitos sociais, da educa\u00e7\u00e3o e da sa\u00fade p\u00fablicas, da ci\u00eancia &amp; tecnologia comprometidas com o desenvolvimento social e econ\u00f4mico e dos direitos do trabalhador. Faleceu aos 55 anos, em 20 de abril de 2017.<\/p>\n<p style=\"text-align: justify;\"><strong>SOBRE O CONGRESSO<\/strong><\/p>\n<p style=\"text-align: justify;\">O 13\u00ba Congresso Internacional da Rede Unida acontece entre os dias 30\/5 e 2\/6 de 2018, na Universidade Federal do Amazonas (Ufam). Realizado pela primeira vez na Regi\u00e3o Norte e na Cidade de Manaus, o congresso pretende propor o debate em torno da sa\u00fade, educa\u00e7\u00e3o, arte e cultura, da participa\u00e7\u00e3o cidad\u00e3, da gest\u00e3o e do trabalho em sa\u00fade na perspectiva do fortalecimento do Sistema \u00danico de Sa\u00fade (SUS).<\/p>\n<p style=\"text-align: justify;\">Com o tema \u201cFaz escuro, mas cantamos: redes em re-exist\u00eancia nos encontros das \u00e1guas\u201d, o 13\u00aa Congresso Internacional da Rede Unida reunir\u00e1 trabalhadores da sa\u00fade, usu\u00e1rios do SUS, pesquisadores, estudantes, professores, gestores e representantes de movimentos sociais.<\/p>\n<p style=\"text-align: justify;\">S\u00e3o parceiros desta edi\u00e7\u00e3o a Organiza\u00e7\u00e3o Pan-Americana da Sa\u00fade\/Organiza\u00e7\u00e3o Mundial da Sa\u00fade (OPAS\/OMS), Conselho Nacional de Sa\u00fade (CNS), Conselho Nacional de Desenvolvimento Cient\u00edfico e Tecnol\u00f3gico (CNPq), Minist\u00e9rio da Sa\u00fade (MS), Universidade Federal do Amazonas (Ufam), Universidade do Estado do Amazonas (UEA), Funda\u00e7\u00e3o de Amparo \u00e0 Pesquisa do Estado do Amazonas (Fapeam), Funda\u00e7\u00e3o Municipal de Cultura, Turismo e Eventos (Manauscult), Secretaria Especial de Sa\u00fade Ind\u00edgena (Sesai), Secretaria de Estado da Cultura (SEC), Secretaria Municipal de Sa\u00fade (Semsa), Secretaria Municipal de Educa\u00e7\u00e3o (Semed), Conselho de Secret\u00e1rios Municipais de Sa\u00fade do Amazonas (Cosems-AM) e ILMD\/Fiocruz Amaz\u00f4nia, co-organizador do Congresso.<\/p>\n<h6 style=\"text-align: justify;\"><em><strong>Ascom\/ILMD Fiocruz Amaz\u00f4nia, por Eduardo Gomes\u00a0<\/strong><\/em><\/h6>\n<p style=\"text-align: justify;\">\n","protected":false},"excerpt":{"rendered":"<p>A comiss\u00e3o organizadora do 13\u00ba Congresso Internacional da Rede Unida lan\u00e7a edital do Pr\u00eamio Ant\u00f4nio Levino &#8211; Experi\u00eancias de Pol\u00edticas P\u00fablicas Inclusivas. As inscri\u00e7\u00f5es ocorrem de 3\/4 a 2\/5 de 2018, e podem ser feitas atrav\u00e9s do preenchimento da ficha de inscri\u00e7\u00e3o, dispon\u00edvel no site do congresso. O objetivo \u00e9 premiar experi\u00eancias na \u00e1rea das [&hellip;]<\/p>\n","protected":false},"author":26,"featured_media":24401,"comment_status":"closed","ping_status":"closed","sticky":false,"template":"","format":"standard","meta":{"footnotes":""},"categories":[15],"tags":[210,120,131,243],"class_list":["post-24400","post","type-post","status-publish","format-standard","has-post-thumbnail","hentry","category-noticias","tag-antonio-levino","tag-fiocruz-amazonia","tag-ilmdfiocruz-amazonia","tag-rede-unida"],"_links":{"self":[{"href":"https:\/\/amazonia.fiocruz.br\/index.php?rest_route=\/wp\/v2\/posts\/24400","targetHints":{"allow":["GET"]}}],"collection":[{"href":"https:\/\/amazonia.fiocruz.br\/index.php?rest_route=\/wp\/v2\/posts"}],"about":[{"href":"https:\/\/amazonia.fiocruz.br\/index.php?rest_route=\/wp\/v2\/types\/post"}],"author":[{"embeddable":true,"href":"https:\/\/amazonia.fiocruz.br\/index.php?rest_route=\/wp\/v2\/users\/26"}],"replies":[{"embeddable":true,"href":"https:\/\/amazonia.fiocruz.br\/index.php?rest_route=%2Fwp%2Fv2%2Fcomments&post=24400"}],"version-history":[{"count":3,"href":"https:\/\/amazonia.fiocruz.br\/index.php?rest_route=\/wp\/v2\/posts\/24400\/revisions"}],"predecessor-version":[{"id":24404,"href":"https:\/\/amazonia.fiocruz.br\/index.php?rest_route=\/wp\/v2\/posts\/24400\/revisions\/24404"}],"wp:featuredmedia":[{"embeddable":true,"href":"https:\/\/amazonia.fiocruz.br\/index.php?rest_route=\/wp\/v2\/media\/24401"}],"wp:attachment":[{"href":"https:\/\/amazonia.fiocruz.br\/index.php?rest_route=%2Fwp%2Fv2%2Fmedia&parent=24400"}],"wp:term":[{"taxonomy":"category","embeddable":true,"href":"https:\/\/amazonia.fiocruz.br\/index.php?rest_route=%2Fwp%2Fv2%2Fcategories&post=24400"},{"taxonomy":"post_tag","embeddable":true,"href":"https:\/\/amazonia.fiocruz.br\/index.php?rest_route=%2Fwp%2Fv2%2Ftags&post=24400"}],"curies":[{"name":"wp","href":"https:\/\/api.w.org\/{rel}","templated":true}]}}