{"id":22467,"date":"2017-11-29T08:10:24","date_gmt":"2017-11-29T08:10:24","guid":{"rendered":"https:\/\/amazonia.fiocruz.br\/?p=22467"},"modified":"2017-11-30T00:49:29","modified_gmt":"2017-11-30T00:49:29","slug":"22467","status":"publish","type":"post","link":"https:\/\/amazonia.fiocruz.br\/?p=22467","title":{"rendered":"Congresso internacional da Rede Unida recebe inscri\u00e7\u00f5es de propostas at\u00e9 25 de janeiro."},"content":{"rendered":"<p>As inscri\u00e7\u00f5es para apresenta\u00e7\u00e3o de propostas para a Programa\u00e7\u00e3o do 13\u00ba Congresso Internacional da Rede Unida est\u00e3o abertas at\u00e9 25 de janeiro de 2018. O Congresso prop\u00f5e o debate em torno da sa\u00fade, educa\u00e7\u00e3o, arte e cultura, da participa\u00e7\u00e3o cidad\u00e3, da gest\u00e3o e do trabalho em sa\u00fade na perspectiva do fortalecimento do Sistema \u00danico de Sa\u00fade (SUS) e podem participar trabalhadores da sa\u00fade, usu\u00e1rios do SUS, pesquisadores, estudantes, professores, gestores e representantes de movimentos sociais.<\/p>\n<p>Com o tema central\u00a0<strong><em>\u201cFaz escuro, mas cantamos: redes em re-exist\u00eancia nos encontros das \u00e1guas\u201d<\/em><\/strong>, o 13\u00ba Congresso Internacional da Rede Unida ser\u00e1 um grande encontro, permeado por compartilhamento de saberes, reflex\u00f5es-cr\u00edticas, aprendizados, cultura e arte.<\/p>\n<p>O evento acontecer\u00e1 de 30 de maio a 02 de junho de 2018, em Manaus (AM), na Universidade Federal do Estado do Amazonas (Ufam).<\/p>\n<p><strong><a href=\"https:\/\/goo.gl\/F5i6HV\">INSCREVA-SE AQUI!<\/a><\/strong><\/p>\n<p>As atividades cient\u00edficas e sociais previstas durante o 13\u00ba Congresso Internacional da Rede Unida est\u00e3o organizadas em:<\/p>\n<p><strong>Atividades tem\u00e1ticas:\u00a0<\/strong>F\u00f3runs, t\u00e1volas, sess\u00f5es de apresenta\u00e7\u00e3o oral, Rodas, Res-P\u00fablicas e produ\u00e7\u00e3o de arte;<\/p>\n<p><strong><em>T\u00e1volas<\/em><\/strong><strong>:<\/strong> dois ou mais convidados respondem a quest\u00f5es formuladas por um debatedor e tamb\u00e9m quest\u00f5es vindas da plateia;<\/p>\n<p><strong><em>Res-P\u00fablica<\/em><\/strong><strong>: <\/strong>espa\u00e7o de di\u00e1logo e interlocu\u00e7\u00e3o com representantes de \u00f3rg\u00e3os governamentais acerca das pol\u00edticas p\u00fablicas em desenvolvimento;<\/p>\n<p><strong><em>Rodas de conversa, com apresenta\u00e7\u00e3o de trabalhos<\/em><\/strong><strong>:<\/strong> os trabalhos aprovados pela Comiss\u00e3o Cient\u00edfica ser\u00e3o reunidos por temas e distribu\u00eddos em mesas de debate, onde todos ser\u00e3o apresentados e debatidos;<\/p>\n<p><strong><em>F\u00f3runs Nacionais e Internacionais:<\/em><\/strong>\u00a0espa\u00e7o para entidades e\/ou segmentos debaterem quest\u00f5es e temas relacionados \u00e0s suas pr\u00e1ticas, que resulte em um texto propositivo;<\/p>\n<p><strong><em>Sa\u00fade Fazendo Arte<\/em><\/strong><strong>:<\/strong> programa\u00e7\u00e3o cient\u00edfico-cultural com diferentes formatos destinada \u00e0 troca de experi\u00eancias e sensibiliza\u00e7\u00e3o a partir de saberes cotidianos e com o protagonismo de atores do sistema de sa\u00fade. Inclui performances art\u00edsticas e interven\u00e7\u00f5es na cidade, tamb\u00e9m realizadas em espa\u00e7os distintos do espa\u00e7o espec\u00edfico do Congresso.<\/p>\n<p><strong>Atividades Articuladoras:\u00a0<\/strong>Sa\u00fade fazendo arte; Feira \/ Mostra de iniciativas: sistemas locorregionais, tecnologias em sa\u00fade, fotos, v\u00eddeos; Semin\u00e1rios e encontros nacionais e internacionais; Mobiliza\u00e7\u00e3o durante o congresso: tel\u00f5es, twitter, r\u00e1dio web, outras m\u00eddias.<\/p>\n<p><strong><em>Proje\u00e7\u00f5es<\/em><\/strong><strong>:<\/strong> M\u00eddias relativas aos temas do congresso dever\u00e3o ser apresentadas, compondo o rol de atividades cient\u00edficas conduzidas por um moderador;<\/p>\n<p><strong><em>Interven\u00e7\u00f5es<\/em><\/strong><strong>:<\/strong> esquetes e a\u00e7\u00f5es ser\u00e3o realizadas durante o evento com o prop\u00f3sito de produzir impacto e reflex\u00f5es sobre temas relativos ao congresso;<\/p>\n<p><strong><em>Feira-exposi\u00e7\u00e3o<\/em><\/strong><strong>:<\/strong> Espa\u00e7o aberto de stands para que movimentos e grupos sociais possam expor seus produtos e pr\u00e1ticas;<\/p>\n<p><strong><em>Tendas<\/em><\/strong><strong>:<\/strong> espa\u00e7os de encontros, articula\u00e7\u00e3o, exposi\u00e7\u00e3o e servi\u00e7os com um eixo comum, agregando pares de forma livre e auto-organizada.<\/p>\n<h6><strong><em>Rede Unida, por Mirineia Nascimento<\/em><\/strong><\/h6>\n<h6><strong><em>Edi\u00e7\u00e3o: Eduardo Gomes. Ascom, ILMD\/ Fiocruz Amaz\u00f4nia.<\/em><\/strong><\/h6>\n<p>&nbsp;<\/p>\n","protected":false},"excerpt":{"rendered":"<p>As inscri\u00e7\u00f5es para apresenta\u00e7\u00e3o de propostas para a Programa\u00e7\u00e3o do 13\u00ba Congresso Internacional da Rede Unida est\u00e3o abertas at\u00e9 25 de janeiro de 2018. O Congresso prop\u00f5e o debate em torno da sa\u00fade, educa\u00e7\u00e3o, arte e cultura, da participa\u00e7\u00e3o cidad\u00e3, da gest\u00e3o e do trabalho em sa\u00fade na perspectiva do fortalecimento do Sistema \u00danico de [&hellip;]<\/p>\n","protected":false},"author":26,"featured_media":22500,"comment_status":"closed","ping_status":"closed","sticky":false,"template":"","format":"standard","meta":{"footnotes":""},"categories":[15],"tags":[],"class_list":["post-22467","post","type-post","status-publish","format-standard","has-post-thumbnail","hentry","category-noticias"],"_links":{"self":[{"href":"https:\/\/amazonia.fiocruz.br\/index.php?rest_route=\/wp\/v2\/posts\/22467","targetHints":{"allow":["GET"]}}],"collection":[{"href":"https:\/\/amazonia.fiocruz.br\/index.php?rest_route=\/wp\/v2\/posts"}],"about":[{"href":"https:\/\/amazonia.fiocruz.br\/index.php?rest_route=\/wp\/v2\/types\/post"}],"author":[{"embeddable":true,"href":"https:\/\/amazonia.fiocruz.br\/index.php?rest_route=\/wp\/v2\/users\/26"}],"replies":[{"embeddable":true,"href":"https:\/\/amazonia.fiocruz.br\/index.php?rest_route=%2Fwp%2Fv2%2Fcomments&post=22467"}],"version-history":[{"count":2,"href":"https:\/\/amazonia.fiocruz.br\/index.php?rest_route=\/wp\/v2\/posts\/22467\/revisions"}],"predecessor-version":[{"id":22509,"href":"https:\/\/amazonia.fiocruz.br\/index.php?rest_route=\/wp\/v2\/posts\/22467\/revisions\/22509"}],"wp:featuredmedia":[{"embeddable":true,"href":"https:\/\/amazonia.fiocruz.br\/index.php?rest_route=\/wp\/v2\/media\/22500"}],"wp:attachment":[{"href":"https:\/\/amazonia.fiocruz.br\/index.php?rest_route=%2Fwp%2Fv2%2Fmedia&parent=22467"}],"wp:term":[{"taxonomy":"category","embeddable":true,"href":"https:\/\/amazonia.fiocruz.br\/index.php?rest_route=%2Fwp%2Fv2%2Fcategories&post=22467"},{"taxonomy":"post_tag","embeddable":true,"href":"https:\/\/amazonia.fiocruz.br\/index.php?rest_route=%2Fwp%2Fv2%2Ftags&post=22467"}],"curies":[{"name":"wp","href":"https:\/\/api.w.org\/{rel}","templated":true}]}}