{"id":22044,"date":"2017-11-01T22:17:12","date_gmt":"2017-11-01T22:17:12","guid":{"rendered":"https:\/\/amazonia.fiocruz.br\/?p=22044"},"modified":"2017-11-01T22:26:02","modified_gmt":"2017-11-01T22:26:02","slug":"fiocruz-amazonia-promove-atividades-referentes-a-14a-snct","status":"publish","type":"post","link":"https:\/\/amazonia.fiocruz.br\/?p=22044","title":{"rendered":"Fiocruz Amaz\u00f4nia promove atividades referentes \u00e0 14\u00aa SNCT"},"content":{"rendered":"<p style=\"text-align: justify;\">Exposi\u00e7\u00f5es, jogos e palestras marcaram o in\u00edcio das atividades referentes \u00e0 14\u00aa Semana Nacional de Ci\u00eancia e Tecnologia (SNCT), promovidas pelo Instituto Le\u00f4nidas &amp; Maria Deane (ILMD\/ Fiocruz Amaz\u00f4nia). A abertura aconteceu no Espa\u00e7o da Cidadania Ambiental (ECAM), localizado no mezanino do Manauara Shopping, zona centro-sul de Manaus.<\/p>\n<p style=\"text-align: justify;\">O evento foi realizado pela Fiocruz Amaz\u00f4nia, em parceria com a coordena\u00e7\u00e3o do Programa Ocas do Conhecimento Ambiental, da Secretaria Municipal de Educa\u00e7\u00e3o (Semed). Pela manh\u00e3, aproximadamente 40 alunos da Escola Municipal Villa Lobos, estiveram no espa\u00e7o para participar das atividades e foram recepicionados pelo Diretor da Fiocruz Amaz\u00f4nia, S\u00e9rgio Luz, e pelo juiz da Vara Especializada em Meio Ambiente e Quest\u00f5es Agr\u00e1rias (Vemaqa), Adalberto Carim, que ressaltaram a import\u00e2ncia do estudo cient\u00edfico e do contato dos jovens com esse tipo de conhecimento.<\/p>\n<p style=\"text-align: justify;\">Na oportunidade, S\u00e9rgio Luz, ressaltou a import\u00e2ncia do evento, e destacou exemplos para os alunos sobre a relev\u00e2ncia da ci\u00eancia na vida cotidiana. \u201cTem uma grande import\u00e2ncia a semana de ci\u00eancia e tecnologia na vida de cada um de n\u00f3s, porque tudo hoje em dia \u00e9 ci\u00eancia, desde a comida que voc\u00ea come, a roupa que voc\u00ea veste, tudo \u00e9 feito a partir de ci\u00eancia.\u201d<\/p>\n<p style=\"text-align: justify;\"><img decoding=\"async\" class=\"aligncenter size-full wp-image-22046\" src=\"https:\/\/amazonia.fiocruz.br\/wp-content\/uploads\/2017\/11\/IMG_1295.jpg\" alt=\"\" width=\"640\" height=\"427\" srcset=\"https:\/\/amazonia.fiocruz.br\/wp-content\/uploads\/2017\/11\/IMG_1295.jpg 640w, https:\/\/amazonia.fiocruz.br\/wp-content\/uploads\/2017\/11\/IMG_1295-300x200.jpg 300w, https:\/\/amazonia.fiocruz.br\/wp-content\/uploads\/2017\/11\/IMG_1295-450x300.jpg 450w\" sizes=\"(max-width: 640px) 100vw, 640px\" \/><\/p>\n<p style=\"text-align: justify;\">Os estudantes puderam assistir as palestras \u201cSa\u00fade Ecossist\u00eamica\u201d, ministrada pela pesquisadora Alessandra Nava, e \u201cFerramenta de detec\u00e7\u00e3o de aglomerados de doen\u00e7a\u201d, ministrada pelo pesquisador Ant\u00f4nio Balieiro. Al\u00e9m disso, os alunos puderam acompanhar uma exposi\u00e7\u00e3o sobre o trabalho do m\u00e9dico Carlos Chagas, respons\u00e1vel pela descoberta da doen\u00e7a de chagas.<\/p>\n<p style=\"text-align: justify;\"><strong><a href=\"https:\/\/www.facebook.com\/pg\/ILMDFiocruzAmazonia\/photos\/?tab=album&amp;album_id=712586425612899\">Confira a galeria de fotos<\/a><\/strong><\/p>\n<p style=\"text-align: justify;\">\u201cTemos uma exposi\u00e7\u00e3o sobre as doen\u00e7as transmitidas por insetos, onde os alunos podem visualizar os insetos que transmitem doen\u00e7as como dengue e mal\u00e1ria, com o aux\u00edlio de microsc\u00f3pios e lupas. E temos tamb\u00e9m um espa\u00e7o de jogos sobre sa\u00fade e alimenta\u00e7\u00e3o, no qual apresentamos quest\u00f5es de sa\u00fade e alimenta\u00e7\u00e3o saud\u00e1vel\u201d, explicou Luz.<\/p>\n<p style=\"text-align: justify;\">Carim destacou que a iniciativa promovida pela Fiocruz Amaz\u00f4nia se encaixa perfeitamente na proposta do espa\u00e7o Ecam. \u201c\u00c9 uma oportunidade \u00fanica que a gente tenha os jovens, que s\u00e3o nosso futuro, imergindo na ci\u00eancia de maneira l\u00fadica. Eles v\u00e3o exercitar esse lado do conhecimento, v\u00e3o se aprofundar de uma forma espont\u00e2nea e divertida. E quando a gente percebe que esse espa\u00e7o se presta a isso, a gente percebe que acertamos, pois a ideia era essa\u201d, disse.<\/p>\n<p style=\"text-align: justify;\"><img decoding=\"async\" class=\"aligncenter size-full wp-image-22047\" src=\"https:\/\/amazonia.fiocruz.br\/wp-content\/uploads\/2017\/11\/IMG_1298.jpg\" alt=\"\" width=\"640\" height=\"427\" srcset=\"https:\/\/amazonia.fiocruz.br\/wp-content\/uploads\/2017\/11\/IMG_1298.jpg 640w, https:\/\/amazonia.fiocruz.br\/wp-content\/uploads\/2017\/11\/IMG_1298-300x200.jpg 300w, https:\/\/amazonia.fiocruz.br\/wp-content\/uploads\/2017\/11\/IMG_1298-450x300.jpg 450w\" sizes=\"(max-width: 640px) 100vw, 640px\" \/><\/p>\n<p style=\"text-align: justify;\">Para o gestor da Escola Municipal Villa Lobos, Enery Cavalcante, poder proporcionar esse tipo de atividade para os estudantes \u00e9 fundamental. Ele informou que al\u00e9m de levar os alunos para atividades fora da escola, tamb\u00e9m pretende realizar esse tipo de trabalho dentro da unidade de ensino.<\/p>\n<p style=\"text-align: justify;\">\u201cN\u00f3s vamos realizar uma a\u00e7\u00e3o cient\u00edfica no dia 22 de novembro, chamada Bioexatas, onde vamos trabalhar diversos temas voltados para a Amaz\u00f4nia, acima de tudo, envolvendo geografia, ci\u00eancias e matem\u00e1tica\u201d, conclui.<\/p>\n<p style=\"text-align: justify;\"><strong>SOBRE A SNCT <\/strong><\/p>\n<p style=\"text-align: justify;\">\u201cA Matem\u00e1tica est\u00e1 em tudo\u201d \u00e9 o tema da 14\u00aa SNCT, em 2017. A escolha deste tema se baseia Bi\u00eanio da Matem\u00e1tica Gomes de Souza (2017-2018). Na Fiocruz Amaz\u00f4nia, as atividades ter\u00e3o continuidade entre os dias 21 e 24 de novembro.<\/p>\n<p style=\"text-align: justify;\"><img decoding=\"async\" class=\"aligncenter size-full wp-image-22048\" src=\"https:\/\/amazonia.fiocruz.br\/wp-content\/uploads\/2017\/11\/IMG_1320.jpg\" alt=\"\" width=\"640\" height=\"427\" srcset=\"https:\/\/amazonia.fiocruz.br\/wp-content\/uploads\/2017\/11\/IMG_1320.jpg 640w, https:\/\/amazonia.fiocruz.br\/wp-content\/uploads\/2017\/11\/IMG_1320-300x200.jpg 300w, https:\/\/amazonia.fiocruz.br\/wp-content\/uploads\/2017\/11\/IMG_1320-450x300.jpg 450w\" sizes=\"(max-width: 640px) 100vw, 640px\" \/><\/p>\n<p style=\"text-align: justify;\">A SNCT \u00e9 realizada sempre no m\u00eas de outubro, sob a coordena\u00e7\u00e3o do MCTIC, por meio da Coordena\u00e7\u00e3o-Geral de Populariza\u00e7\u00e3o e Divulga\u00e7\u00e3o da Ci\u00eancia (CGPC\/SEPED) e conta com a colabora\u00e7\u00e3o de secretarias estaduais e municipais, ag\u00eancias de fomento, espa\u00e7os cient\u00edfico-culturais, institui\u00e7\u00f5es de ensino e pesquisa, sociedades cient\u00edficas, escolas, \u00f3rg\u00e3os governamentais, empresas de base tecnol\u00f3gica e entidades da sociedade civil.<\/p>\n<p style=\"text-align: justify;\">A ideia \u00e9 aproximar a Ci\u00eancia e Tecnologia da popula\u00e7\u00e3o, promovendo eventos que congregam centenas de institui\u00e7\u00f5es a fim de realizarem atividades de divulga\u00e7\u00e3o cient\u00edfica em todo o Pa\u00eds, criando uma linguagem acess\u00edvel \u00e0 popula\u00e7\u00e3o, por meios inovadores que estimulem a curiosidade e motivem a popula\u00e7\u00e3o a discutir as implica\u00e7\u00f5es sociais da Ci\u00eancia, al\u00e9m de aprofundarem seus conhecimentos sobre o tema.<\/p>\n<h6 style=\"text-align: justify;\"><strong><em>Ascom ILMD, por Eduardo Gomes<\/em><\/strong><\/h6>\n<h6 style=\"text-align: justify;\"><strong><em>Fotos: Eduardo Gomes<\/em><\/strong><\/h6>\n","protected":false},"excerpt":{"rendered":"<p>Exposi\u00e7\u00f5es, jogos e palestras marcaram o in\u00edcio das atividades referentes \u00e0 14\u00aa Semana Nacional de Ci\u00eancia e Tecnologia (SNCT), promovidas pelo Instituto Le\u00f4nidas &amp; Maria Deane (ILMD\/ Fiocruz Amaz\u00f4nia). A abertura aconteceu no Espa\u00e7o da Cidadania Ambiental (ECAM), localizado no mezanino do Manauara Shopping, zona centro-sul de Manaus. O evento foi realizado pela Fiocruz Amaz\u00f4nia, [&hellip;]<\/p>\n","protected":false},"author":26,"featured_media":22045,"comment_status":"closed","ping_status":"closed","sticky":false,"template":"","format":"standard","meta":{"footnotes":""},"categories":[15],"tags":[317,440,131,437],"class_list":["post-22044","post","type-post","status-publish","format-standard","has-post-thumbnail","hentry","category-noticias","tag-ciencia","tag-ecam","tag-ilmdfiocruz-amazonia","tag-snct"],"_links":{"self":[{"href":"https:\/\/amazonia.fiocruz.br\/index.php?rest_route=\/wp\/v2\/posts\/22044","targetHints":{"allow":["GET"]}}],"collection":[{"href":"https:\/\/amazonia.fiocruz.br\/index.php?rest_route=\/wp\/v2\/posts"}],"about":[{"href":"https:\/\/amazonia.fiocruz.br\/index.php?rest_route=\/wp\/v2\/types\/post"}],"author":[{"embeddable":true,"href":"https:\/\/amazonia.fiocruz.br\/index.php?rest_route=\/wp\/v2\/users\/26"}],"replies":[{"embeddable":true,"href":"https:\/\/amazonia.fiocruz.br\/index.php?rest_route=%2Fwp%2Fv2%2Fcomments&post=22044"}],"version-history":[{"count":2,"href":"https:\/\/amazonia.fiocruz.br\/index.php?rest_route=\/wp\/v2\/posts\/22044\/revisions"}],"predecessor-version":[{"id":22050,"href":"https:\/\/amazonia.fiocruz.br\/index.php?rest_route=\/wp\/v2\/posts\/22044\/revisions\/22050"}],"wp:featuredmedia":[{"embeddable":true,"href":"https:\/\/amazonia.fiocruz.br\/index.php?rest_route=\/wp\/v2\/media\/22045"}],"wp:attachment":[{"href":"https:\/\/amazonia.fiocruz.br\/index.php?rest_route=%2Fwp%2Fv2%2Fmedia&parent=22044"}],"wp:term":[{"taxonomy":"category","embeddable":true,"href":"https:\/\/amazonia.fiocruz.br\/index.php?rest_route=%2Fwp%2Fv2%2Fcategories&post=22044"},{"taxonomy":"post_tag","embeddable":true,"href":"https:\/\/amazonia.fiocruz.br\/index.php?rest_route=%2Fwp%2Fv2%2Ftags&post=22044"}],"curies":[{"name":"wp","href":"https:\/\/api.w.org\/{rel}","templated":true}]}}