{"id":20664,"date":"2017-06-22T21:56:26","date_gmt":"2017-06-22T21:56:26","guid":{"rendered":"https:\/\/amazonia.fiocruz.br\/?p=20664"},"modified":"2017-06-22T21:59:15","modified_gmt":"2017-06-22T21:59:15","slug":"centro-de-estudos-do-ilmd-promove-palestra-sobre-divulgacao-cientifica-e-popularizacao-da-ciencia","status":"publish","type":"post","link":"https:\/\/amazonia.fiocruz.br\/?p=20664","title":{"rendered":"Centro de Estudos do ILMD promove palestra sobre divulga\u00e7\u00e3o cient\u00edfica e populariza\u00e7\u00e3o da ci\u00eancia"},"content":{"rendered":"<p>Com o objetivo de mostrar os principais cen\u00e1rios, di\u00e1logos de dificuldades e oportunidades, e como pode ser feito o trabalho de divulga\u00e7\u00e3o cient\u00edfica e populariza\u00e7\u00e3o da ci\u00eancia, a partir das m\u00eddias existentes e do papel social que as institui\u00e7\u00f5es de pesquisa devem exercer, a palestra desta semana do Centro de Estudos do Instituto Le\u00f4nidas e Maria Deane (ILMD\/ Fiocruz Amaz\u00f4nia), ter\u00e1 como tema: \u201cDivulga\u00e7\u00e3o cient\u00edfica e populariza\u00e7\u00e3o da ci\u00eancia: responsabilidade social\u201d.<\/p>\n<p>O assunto ser\u00e1 abordado pelas pesquisadoras, Maria Ol\u00edvia Sim\u00e3o, professora da Universidade Federal do Amazonas (UFAM) e pela jornalista, Cristiane Barbosa, doutoranda em Ci\u00eancias da Informa\u00e7\u00e3o pela Universidade Fernando Pessoa (UFP\/Portugal), nesta sexta-feira, 23\/6, \u00e0s 9h, no Sal\u00e3o Canoas, na sede do ILMD\/Fiocruz Amaz\u00f4nia, \u00e0 rua Teresina, 476, Adrian\u00f3polis, zona centro-sul de Manaus.<\/p>\n<p>Para Maria Ol\u00edvia, a comunica\u00e7\u00e3o do que se faz nos laborat\u00f3rios precisa chegar at\u00e9 a comunidade. Ela destaca que a sociedade \u00e9 quem subsidias as pesquisas com o pagamento de impostos, principalmente na \u00e1rea da sa\u00fade que \u00e9 um dos temas que mais desperta interesse da popula\u00e7\u00e3o.<\/p>\n<p>Sobre a oportunidade de falar a respeito desta tem\u00e1tica na programa\u00e7\u00e3o do Centro de Estudos, a pesquisadora ressalta a import\u00e2ncia desta sensibiliza\u00e7\u00e3o como parte da forma\u00e7\u00e3o acad\u00eamica. \u201cEsse espa\u00e7o tem como p\u00fablico priorit\u00e1rio os alunos de p\u00f3s-gradua\u00e7\u00e3o e inicia\u00e7\u00e3o cient\u00edfica, ent\u00e3o \u00e9 importante que eles recebam na forma\u00e7\u00e3o essa sensibiliza\u00e7\u00e3o, para que cheguem no mercado como profissionais mais aptos a lidar com essa realidade\u201d, enfatizou Sim\u00e3o.<\/p>\n<p><strong>PIONEIRISMO <\/strong><\/p>\n<p>Visando oferecer forma\u00e7\u00e3o profissional e acad\u00eamica na \u00e1rea de divulga\u00e7\u00e3o e jornalismo cient\u00edfico em sa\u00fade na Amaz\u00f4nia, capacitar para os processos gerais e t\u00e9cnicas, e aprofundar a reflex\u00e3o sobre divulga\u00e7\u00e3o e jornalismo cient\u00edfico em sa\u00fade, com \u00eanfase no contexto Amaz\u00f4nico, o ILMD\/Fiocruz Amaz\u00f4nia, j\u00e1 formou duas turmas do curso de especializa\u00e7\u00e3o em Divulga\u00e7\u00e3o e Jornalismo Cient\u00edfico em Sa\u00fade na Amaz\u00f4nia.<\/p>\n<p>O curso foi realizado pela Fiocruz Amaz\u00f4nia e o Instituto de Comunica\u00e7\u00e3o e Informa\u00e7\u00e3o Cient\u00edfica e Tecnol\u00f3gica em Sa\u00fade (ICICT\/Fiocruz RJ), com o apoio da Funda\u00e7\u00e3o de Amparo \u00e0 Pesquisa do Estado do Amazonas (Fapeam) e a Secretaria de Estado de Ci\u00eancia, Tecnologia e Inova\u00e7\u00e3o do Amazonas (SECTI-AM).<\/p>\n<p>Participaram da especializa\u00e7\u00e3o aproximadamente 60 profissionais com forma\u00e7\u00e3o em comunica\u00e7\u00e3o social e \u00e1reas afins, atuantes na m\u00eddia local e assessores de comunica\u00e7\u00e3o das Institui\u00e7\u00f5es de Ensino e Pesquisa; bem como profissionais de outras \u00e1reas com experi\u00eancia na tem\u00e1tica da Divulga\u00e7\u00e3o Cient\u00edfica na Amaz\u00f4nia.<\/p>\n<p><strong>SOBRE AS PALESTRANTES<\/strong><\/p>\n<p><a href=\"http:\/\/lattes.cnpq.br\/2594654340373805\">Maria Ol\u00edvia Sim\u00e3o<\/a> \u00e9 doutora em Biologia de \u00c1gua Doce e Pesca Interior, e mestre em Entomologia pelo Instituto Nacional de Pesquisas da Amaz\u00f4nia (INPA), graduada em Licenciatura em Ci\u00eancias Biol\u00f3gicas pela Universidade Federal do Amazonas (UFAM). Foi Secret\u00e1ria Executiva Adjunta de Ci\u00eancia, Tecnologia e Inova\u00e7\u00e3o do Estado do Amazonas, Diretora T\u00e9cnico Cient\u00edfica da Funda\u00e7\u00e3o de Amparo \u00e0 Pesquisa do Estado do Amazonas &#8211; FAPEAM e Diretora Presidente da FAPEAM.<\/p>\n<p><a href=\"http:\/\/buscatextual.cnpq.br\/buscatextual\/visualizacv.do?id=K4273878D2\">Cristiane Barbosa<\/a> \u00e9 doutoranda em Ci\u00eancias da Informa\u00e7\u00e3o pela Universidade Fernando Pessoa (UFP\/Portugal), Mestre em Ci\u00eancias da Comunica\u00e7\u00e3o pela Universidade Federal do Amazonas (UFAM). \u00c9 graduada em Comunica\u00e7\u00e3o Social, com habilita\u00e7\u00e3o em Jornalismo pela UFAM, especialista em Jornalismo Cient\u00edfico e Divulga\u00e7\u00e3o Cient\u00edfica em Sa\u00fade da Amaz\u00f4nia pelo (ILMD\/Fiocruz Amaz\u00f4nia) e em Marketing Empresarial pela UFAM.<\/p>\n<p><strong>CENTRO DE ESTUDOS<\/strong><\/p>\n<p>O Centro de Estudos do ILMD\/Fiocruz Amaz\u00f4nia \u00e9 um n\u00facleo que oportuniza encontros, palestras, semin\u00e1rios e debates sobre diversos temas ligados \u00e0 pesquisa e ao ensino para a promo\u00e7\u00e3o da sa\u00fade.<\/p>\n<p>Os eventos ocorrem \u00e0s sextas-feiras e deles podem participar estudantes de gradua\u00e7\u00e3o e p\u00f3s-gradua\u00e7\u00e3o, pesquisadores, professores e trabalhadores da \u00e1rea da Sa\u00fade. A entrada \u00e9 franca.<\/p>\n<p><strong><em>ILMD\/Fiocruz Amaz\u00f4nia, por Eduardo Gomes.<\/em><\/strong><\/p>\n<p>&nbsp;<\/p>\n<p>&nbsp;<\/p>\n","protected":false},"excerpt":{"rendered":"<p>Com o objetivo de mostrar os principais cen\u00e1rios, di\u00e1logos de dificuldades e oportunidades, e como pode ser feito o trabalho de divulga\u00e7\u00e3o cient\u00edfica e populariza\u00e7\u00e3o da ci\u00eancia, a partir das m\u00eddias existentes e do papel social que as institui\u00e7\u00f5es de pesquisa devem exercer, a palestra desta semana do Centro de Estudos do Instituto Le\u00f4nidas e [&hellip;]<\/p>\n","protected":false},"author":26,"featured_media":20665,"comment_status":"open","ping_status":"open","sticky":false,"template":"","format":"standard","meta":{"footnotes":""},"categories":[15],"tags":[176,118,129,136,120,131,286,130],"class_list":["post-20664","post","type-post","status-publish","format-standard","has-post-thumbnail","hentry","category-noticias","tag-amazonas","tag-centro-de-estudos","tag-divulgacao-cientifica","tag-fiocruz","tag-fiocruz-amazonia","tag-ilmdfiocruz-amazonia","tag-jornalismo-cientifico","tag-popularizacao-da-ciencia"],"_links":{"self":[{"href":"https:\/\/amazonia.fiocruz.br\/index.php?rest_route=\/wp\/v2\/posts\/20664","targetHints":{"allow":["GET"]}}],"collection":[{"href":"https:\/\/amazonia.fiocruz.br\/index.php?rest_route=\/wp\/v2\/posts"}],"about":[{"href":"https:\/\/amazonia.fiocruz.br\/index.php?rest_route=\/wp\/v2\/types\/post"}],"author":[{"embeddable":true,"href":"https:\/\/amazonia.fiocruz.br\/index.php?rest_route=\/wp\/v2\/users\/26"}],"replies":[{"embeddable":true,"href":"https:\/\/amazonia.fiocruz.br\/index.php?rest_route=%2Fwp%2Fv2%2Fcomments&post=20664"}],"version-history":[{"count":1,"href":"https:\/\/amazonia.fiocruz.br\/index.php?rest_route=\/wp\/v2\/posts\/20664\/revisions"}],"predecessor-version":[{"id":20666,"href":"https:\/\/amazonia.fiocruz.br\/index.php?rest_route=\/wp\/v2\/posts\/20664\/revisions\/20666"}],"wp:featuredmedia":[{"embeddable":true,"href":"https:\/\/amazonia.fiocruz.br\/index.php?rest_route=\/wp\/v2\/media\/20665"}],"wp:attachment":[{"href":"https:\/\/amazonia.fiocruz.br\/index.php?rest_route=%2Fwp%2Fv2%2Fmedia&parent=20664"}],"wp:term":[{"taxonomy":"category","embeddable":true,"href":"https:\/\/amazonia.fiocruz.br\/index.php?rest_route=%2Fwp%2Fv2%2Fcategories&post=20664"},{"taxonomy":"post_tag","embeddable":true,"href":"https:\/\/amazonia.fiocruz.br\/index.php?rest_route=%2Fwp%2Fv2%2Ftags&post=20664"}],"curies":[{"name":"wp","href":"https:\/\/api.w.org\/{rel}","templated":true}]}}