{"id":18982,"date":"2017-02-24T20:30:02","date_gmt":"2017-02-24T20:30:02","guid":{"rendered":"https:\/\/amazonia.fiocruz.br\/?p=18982"},"modified":"2017-02-24T20:34:58","modified_gmt":"2017-02-24T20:34:58","slug":"trombocitopenia-e-abordada-no-centro-de-estudos-do-ilmd","status":"publish","type":"post","link":"https:\/\/amazonia.fiocruz.br\/?p=18982","title":{"rendered":"Trombocitopenia \u00e9 abordada no Centro de Estudos do ILMD"},"content":{"rendered":"<p>O Centro de Estudos do Instituto Le\u00f4nidas e Maria Deane (ILMD\/ Fiocruz Amaz\u00f4nia) ofereceu nesta sexta-feira (24\/02), a palestra \u201cTrombocitopenia na mal\u00e1ria\u201d, ministrada pelo Dr. Paulo Nogueira, pesquisador do ILMD. A apresenta\u00e7\u00e3o teve o intuito de apresentar os recentes estudos sobre a trombocitopenia, uma manifesta\u00e7\u00e3o hematol\u00f3gica muito comum, reportada em fase aguda na mal\u00e1ria.<\/p>\n<p>&nbsp;<\/p>\n<p>A patog\u00eanese da trombocitopenia mal\u00e1ria \u00e9 multifatorial e envolve destrui\u00e7\u00e3o e consumo de plaquetas. Estudos investigam que\u00a0dist\u00farbios\u00a0de esplenomegalia e\u00a0altera\u00e7\u00f5es\u00a0da medula \u00f3ssea estejam associados a\u00a0trombocitopenia, e\u00a0citocinas\u00a0pr\u00f3 e anti-inflamat\u00f3rias podem funcionar como marcadores sorol\u00f3gicos da trombocitopenia na mal\u00e1ria.<\/p>\n<p>&nbsp;<\/p>\n<p>De acordo com Nogueira, \u201calguns mecanismos fisiopatol\u00f3gicos j\u00e1 foram demonstrados: a\u00a0coagulopatia, ades\u00e3o e destrui\u00e7\u00e3o endotelial; a\u00a0destrui\u00e7\u00e3o por\u00a0fagocitose\u00a0associada\u00a0com eleva\u00e7\u00e3o dos n\u00edveis\u00a0s\u00e9ricos de citocinas inflamat\u00f3rias;\u00a0e a eleva\u00e7\u00e3o dos n\u00edveis de marcadores de estresse\u00a0oxidativo como causa de\u00a0danos\u00a0estruturais\u00a0e funcionais\u00a0nas plaquetas\u201d, explicou.<\/p>\n<p>&nbsp;<\/p>\n<p>O Centro de Estudos do ILMD\/Fiocruz Amaz\u00f4nia \u00e9 um n\u00facleo que oportuniza encontros, palestras, semin\u00e1rios e debates sobre diversos temas ligados \u00e0 pesquisa e ensino para a promo\u00e7\u00e3o da sa\u00fade. A entrada \u00e9 gratuita e podem participar estudantes de gradua\u00e7\u00e3o e p\u00f3s gradua\u00e7\u00e3o, pesquisadores, professores e trabalhadores da \u00e1rea da Sa\u00fade.<\/p>\n<p><img decoding=\"async\" class=\"alignnone size-full wp-image-18984\" src=\"https:\/\/amazonia.fiocruz.br\/wp-content\/uploads\/2017\/02\/IMG_1248.jpg\" alt=\"img_1248\" width=\"4855\" height=\"3247\" srcset=\"https:\/\/amazonia.fiocruz.br\/wp-content\/uploads\/2017\/02\/IMG_1248.jpg 4855w, https:\/\/amazonia.fiocruz.br\/wp-content\/uploads\/2017\/02\/IMG_1248-300x201.jpg 300w, https:\/\/amazonia.fiocruz.br\/wp-content\/uploads\/2017\/02\/IMG_1248-768x514.jpg 768w, https:\/\/amazonia.fiocruz.br\/wp-content\/uploads\/2017\/02\/IMG_1248-1024x685.jpg 1024w, https:\/\/amazonia.fiocruz.br\/wp-content\/uploads\/2017\/02\/IMG_1248-1500x1003.jpg 1500w, https:\/\/amazonia.fiocruz.br\/wp-content\/uploads\/2017\/02\/IMG_1248-705x472.jpg 705w, https:\/\/amazonia.fiocruz.br\/wp-content\/uploads\/2017\/02\/IMG_1248-450x301.jpg 450w\" sizes=\"(max-width: 4855px) 100vw, 4855px\" \/><\/p>\n<p><strong>SOBRE O PALESTRANTE<\/strong><\/p>\n<p>&nbsp;<\/p>\n<p>Paulo \u00e9 graduado em Ci\u00eancias Biol\u00f3gicas pela Universidade Estadual Paulista J\u00falio de Mesquita Filho (UNESP), mestre em Biologia Funcional e Molecular pela Universidade Estadual de Campinas (Unicamp), doutor em Rela\u00e7\u00e3o Pat\u00f3geno Hospedeiro pelo Instituto de Ci\u00eancias Biom\u00e9dicas da Universidade de S\u00e3o Paulo (USP), e p\u00f3s doutor em biologia da rela\u00e7\u00e3o pat\u00f3geno hospedeiro pela Universidade do Mediterr\u00e2neo, Marselha (Fran\u00e7a).<\/p>\n<p>&nbsp;<\/p>\n<p>Atua na \u00e1rea de Imunologia, com \u00eanfase em receptores celulares, anticorpos, biologia molecular e clonagem g\u00eanica para express\u00e3o de ant\u00edgenos recombinantes. \u00c9 coordenador do Programa de P\u00f3s-Gradua\u00e7\u00e3o Stricto Sensu em Biologia da Intera\u00e7\u00e3o Pat\u00f3geno Hospedeiro (PPGBIO-Intera\u00e7\u00e3o), e vice-l\u00edder do Laborat\u00f3rio de Diagn\u00f3stico e Controle de Doen\u00e7as Infecciosas na Amaz\u00f4nia (DCDIA), do ILMD\/Fiocruz Amaz\u00f4nia.<\/p>\n<p>&nbsp;<\/p>\n<p>ILMD\/ Fiocruz Amaz\u00f4nia, por Eduardo Gomes<\/p>\n<p>Fotos: Eduardo Gomes<\/p>\n<p>&nbsp;<\/p>\n","protected":false},"excerpt":{"rendered":"<p>O Centro de Estudos do Instituto Le\u00f4nidas e Maria Deane (ILMD\/ Fiocruz Amaz\u00f4nia) ofereceu nesta sexta-feira (24\/02), a palestra \u201cTrombocitopenia na mal\u00e1ria\u201d, ministrada pelo Dr. Paulo Nogueira, pesquisador do ILMD. A apresenta\u00e7\u00e3o teve o intuito de apresentar os recentes estudos sobre a trombocitopenia, uma manifesta\u00e7\u00e3o hematol\u00f3gica muito comum, reportada em fase aguda na mal\u00e1ria. &nbsp; [&hellip;]<\/p>\n","protected":false},"author":26,"featured_media":18987,"comment_status":"open","ping_status":"open","sticky":false,"template":"","format":"standard","meta":{"footnotes":""},"categories":[15],"tags":[],"class_list":["post-18982","post","type-post","status-publish","format-standard","has-post-thumbnail","hentry","category-noticias"],"_links":{"self":[{"href":"https:\/\/amazonia.fiocruz.br\/index.php?rest_route=\/wp\/v2\/posts\/18982","targetHints":{"allow":["GET"]}}],"collection":[{"href":"https:\/\/amazonia.fiocruz.br\/index.php?rest_route=\/wp\/v2\/posts"}],"about":[{"href":"https:\/\/amazonia.fiocruz.br\/index.php?rest_route=\/wp\/v2\/types\/post"}],"author":[{"embeddable":true,"href":"https:\/\/amazonia.fiocruz.br\/index.php?rest_route=\/wp\/v2\/users\/26"}],"replies":[{"embeddable":true,"href":"https:\/\/amazonia.fiocruz.br\/index.php?rest_route=%2Fwp%2Fv2%2Fcomments&post=18982"}],"version-history":[{"count":1,"href":"https:\/\/amazonia.fiocruz.br\/index.php?rest_route=\/wp\/v2\/posts\/18982\/revisions"}],"predecessor-version":[{"id":18985,"href":"https:\/\/amazonia.fiocruz.br\/index.php?rest_route=\/wp\/v2\/posts\/18982\/revisions\/18985"}],"wp:featuredmedia":[{"embeddable":true,"href":"https:\/\/amazonia.fiocruz.br\/index.php?rest_route=\/wp\/v2\/media\/18987"}],"wp:attachment":[{"href":"https:\/\/amazonia.fiocruz.br\/index.php?rest_route=%2Fwp%2Fv2%2Fmedia&parent=18982"}],"wp:term":[{"taxonomy":"category","embeddable":true,"href":"https:\/\/amazonia.fiocruz.br\/index.php?rest_route=%2Fwp%2Fv2%2Fcategories&post=18982"},{"taxonomy":"post_tag","embeddable":true,"href":"https:\/\/amazonia.fiocruz.br\/index.php?rest_route=%2Fwp%2Fv2%2Ftags&post=18982"}],"curies":[{"name":"wp","href":"https:\/\/api.w.org\/{rel}","templated":true}]}}