{"id":18454,"date":"2017-01-24T14:33:26","date_gmt":"2017-01-24T14:33:26","guid":{"rendered":"https:\/\/192.168.240.20\/?p=18454"},"modified":"2025-11-10T14:41:21","modified_gmt":"2025-11-10T18:41:21","slug":"palestra-sobre-periodicos-cientificos-e-politicas-editoriais-sera-apresentada-no-ilmd","status":"publish","type":"post","link":"https:\/\/amazonia.fiocruz.br\/?p=18454","title":{"rendered":"Palestra sobre peri\u00f3dicos cient\u00edficos e pol\u00edticas editoriais ser\u00e1 apresentada no ILMD"},"content":{"rendered":"<p>Dando in\u00edcio \u00e0s atividades de 2017, o Centro de Estudos do Instituto Le\u00f4nidas e Maria Deane (ILMD\/ Fiocruz Amaz\u00f4nia) promove nesta quinta-feira (26\/01), \u00e0s 14h, no Sal\u00e3o Canoas, audit\u00f3rio da Institui\u00e7\u00e3o, a palestra &#8221; Peri\u00f3dicos cient\u00edficos e pol\u00edticas editoriais&#8221;, a ser ministrada pelos Doutores, Bernardo Horta, da Universidade Federal de Pelotas (UFPEL), e Carlos Coimbra, da Escola Nacional de Sa\u00fade P\u00fablica (ENSP), da Funda\u00e7\u00e3o Oswaldo Cruz (Fiocruz), ambos pesquisadores s\u00eaniores do ILMD.<\/p>\n<p>O objetivo do encontro \u00e9 promover uma conversa, informando e atualizando os pesquisadores do Instituto, sobre estrat\u00e9gias e tend\u00eancias das principais revistas cient\u00edficas para publica\u00e7\u00e3o nas \u00e1reas dos Programas de P\u00f3s-Gradua\u00e7\u00e3o Stricto Sensu em Biologia da Intera\u00e7\u00e3o Pat\u00f3geno Hospedeiro (PPGBIO-INTERA\u00c7\u00c3O), e Condi\u00e7\u00f5es de Vida e Situa\u00e7\u00f5es de Sa\u00fade na Amaz\u00f4nia (PPGVIDA). O ILMD\/Fiocruz Amaz\u00f4nia fica na Rua Teresina, 476, bairro de Adrian\u00f3polis, zona Centro-Sul de Manaus.<\/p>\n<p>Segundo a coordenadora do Centro de Estudos, Cl\u00e1udia Rios, a expectativa \u00e9 que o espa\u00e7o para debate tome maiores propor\u00e7\u00f5es este ano. \u201cA gente espera que haja um maior volume de pessoas assistindo as palestras do Centro de Estudos. J\u00e1 possu\u00edmos tr\u00eas programas de p\u00f3s-gradua\u00e7\u00e3o, ent\u00e3o acredito que isso v\u00e1 aumentar o p\u00fablico, melhorar as discuss\u00f5es e ampliar nosso espa\u00e7o para discutir sobre ci\u00eancia\u201d, explicou.<\/p>\n<p>A entrada \u00e9 gratuita e podem participar estudantes de gradua\u00e7\u00e3o e p\u00f3s gradua\u00e7\u00e3o, pesquisadores, professores e trabalhadores da \u00e1rea da Sa\u00fade. O Centro de Estudos do ILMD\/Fiocruz Amaz\u00f4nia \u00e9 um n\u00facleo que oportuniza encontros, palestras, semin\u00e1rios e debates sobre diversos temas ligados \u00e0 pesquisa e ensino para a promo\u00e7\u00e3o da sa\u00fade.<\/p>\n<p>SOBRE OS PALESTRANTES<\/p>\n<p><img decoding=\"async\" class=\"alignnone size-medium wp-image-18456\" src=\"http:\/\/192.168.240.20\/wp-content\/uploads\/2017\/02\/IMG_0623-1-300x200.jpg\" alt=\"img_0623\" width=\"300\" height=\"200\" srcset=\"https:\/\/amazonia.fiocruz.br\/wp-content\/uploads\/2017\/02\/IMG_0623-1-300x200.jpg 300w, https:\/\/amazonia.fiocruz.br\/wp-content\/uploads\/2017\/02\/IMG_0623-1-450x300.jpg 450w, https:\/\/amazonia.fiocruz.br\/wp-content\/uploads\/2017\/02\/IMG_0623-1.jpg 640w\" sizes=\"(max-width: 300px) 100vw, 300px\" \/><\/p>\n<p>Carlos Coimbra \u00e9 Bacharel em Ci\u00eancias Biol\u00f3gicas pela Universidade de Bras\u00edlia, Mestre em antropologia e Doutor em antropologia m\u00e9dica pela Indiana University, e p\u00f3s-doutor pelo Five College Program in Medical Anthropology, University of Massachusetts, Amherst. Atualmente \u00e9 pesquisador titular na ENSP\/ Fiocruz e foi editor-chefe de Cadernos de Sa\u00fade P\u00fablica de 1993 a 2013, e bolsista de produtividade em pesquisa do Conselho Nacional de Desenvolvimento Cient\u00edfico e Tecnol\u00f3gico, n\u00edvel 1B.<\/p>\n<p>Al\u00e9m de ser autor de diversos artigos em peri\u00f3dicos nacionais e estrangeiros, Coimbra \u00e9 autor do livro \u201cThe Xavante in Transition: Health, Demography and Bioanthropology in Central Brazil\u201d, que recebeu o pr\u00eamio de melhor livro interdisciplinar da American Anthropological Association, Washington DC, em 2003.<\/p>\n<p>Bernardo Horta \u00e9 graduado em Medicina pela Universidade Federal de Pelotas, Mestre em Epidemiologia pela Universidade Federal de Pelotas e doutor em Epidemiologia pela McGill University. Atualmente \u00e9 professor associado da Universidade Federal de Pelotas e bolsista de produtividade em pesquisa do Conselho Nacional de Desenvolvimento Cient\u00edfico e Tecnol\u00f3gico, n\u00edvel 1A.<\/p>\n<p>ILMD\/ Fiocruz Amaz\u00f4nia, por Eduardo Gomes<\/p>\n\n\n<p><\/p>\n","protected":false},"excerpt":{"rendered":"<p>Dando in\u00edcio \u00e0s atividades de 2017, o Centro de Estudos do Instituto Le\u00f4nidas e Maria Deane (ILMD\/ Fiocruz Amaz\u00f4nia) promove nesta quinta-feira (26\/01), \u00e0s 14h, no Sal\u00e3o Canoas, audit\u00f3rio da Institui\u00e7\u00e3o, a palestra &#8221; Peri\u00f3dicos cient\u00edficos e pol\u00edticas editoriais&#8221;, a ser ministrada pelos Doutores, Bernardo Horta, da Universidade Federal de Pelotas (UFPEL), e Carlos Coimbra, [&hellip;]<\/p>\n","protected":false},"author":26,"featured_media":18455,"comment_status":"open","ping_status":"open","sticky":false,"template":"","format":"standard","meta":{"footnotes":""},"categories":[15],"tags":[],"class_list":["post-18454","post","type-post","status-publish","format-standard","has-post-thumbnail","hentry","category-noticias"],"_links":{"self":[{"href":"https:\/\/amazonia.fiocruz.br\/index.php?rest_route=\/wp\/v2\/posts\/18454","targetHints":{"allow":["GET"]}}],"collection":[{"href":"https:\/\/amazonia.fiocruz.br\/index.php?rest_route=\/wp\/v2\/posts"}],"about":[{"href":"https:\/\/amazonia.fiocruz.br\/index.php?rest_route=\/wp\/v2\/types\/post"}],"author":[{"embeddable":true,"href":"https:\/\/amazonia.fiocruz.br\/index.php?rest_route=\/wp\/v2\/users\/26"}],"replies":[{"embeddable":true,"href":"https:\/\/amazonia.fiocruz.br\/index.php?rest_route=%2Fwp%2Fv2%2Fcomments&post=18454"}],"version-history":[{"count":3,"href":"https:\/\/amazonia.fiocruz.br\/index.php?rest_route=\/wp\/v2\/posts\/18454\/revisions"}],"predecessor-version":[{"id":56802,"href":"https:\/\/amazonia.fiocruz.br\/index.php?rest_route=\/wp\/v2\/posts\/18454\/revisions\/56802"}],"wp:featuredmedia":[{"embeddable":true,"href":"https:\/\/amazonia.fiocruz.br\/index.php?rest_route=\/wp\/v2\/media\/18455"}],"wp:attachment":[{"href":"https:\/\/amazonia.fiocruz.br\/index.php?rest_route=%2Fwp%2Fv2%2Fmedia&parent=18454"}],"wp:term":[{"taxonomy":"category","embeddable":true,"href":"https:\/\/amazonia.fiocruz.br\/index.php?rest_route=%2Fwp%2Fv2%2Fcategories&post=18454"},{"taxonomy":"post_tag","embeddable":true,"href":"https:\/\/amazonia.fiocruz.br\/index.php?rest_route=%2Fwp%2Fv2%2Ftags&post=18454"}],"curies":[{"name":"wp","href":"https:\/\/api.w.org\/{rel}","templated":true}]}}