{"id":18240,"date":"2017-02-13T15:00:53","date_gmt":"2017-02-13T15:00:53","guid":{"rendered":"https:\/\/192.168.240.20\/?p=18240"},"modified":"2017-02-15T14:02:43","modified_gmt":"2017-02-15T14:02:43","slug":"transmissao-de-cargo-de-presidente-da-fiocruz-ocorre-nesta-sexta-102","status":"publish","type":"post","link":"https:\/\/amazonia.fiocruz.br\/?p=18240","title":{"rendered":"Transmiss\u00e3o de cargo de presidente da Fiocruz ocorre nesta sexta (10\/2)"},"content":{"rendered":"<p>A cerim\u00f4nia de transmiss\u00e3o de cargo de presidente da Fiocruz de Paulo Gadelha (2009 a 2016) para N\u00edsia Trindade Lima acontece, nesta sexta-feira (10\/2), a partir das 9h30, na Pra\u00e7a Pasteur, ao lado do Castelo Mourisco. A solenidade contar\u00e1 com a presen\u00e7a de diversas autoridades da ci\u00eancia, sa\u00fade e pol\u00edtica brasileira. Doutora em Sociologia e servidora da Fiocruz desde 1987, a pesquisadora, professora e gestora N\u00edsia Trindade Lima ser\u00e1 a primeira mulher a comandar a Funda\u00e7\u00e3o, em 116 anos de hist\u00f3ria.<\/p>\n<p>No evento, tamb\u00e9m estar\u00e3o presentes o governador do estado do Cear\u00e1, Camilo Santana; o presidente da Firjan, Eduardo Vieira, como representante do Conselho Superior da Fiocruz; a presidente da Asfoc Sindical, Justa Helena Franco; a coordenadora do Projeto Marias, Norma Maria de Souza; e a representante da Associa\u00e7\u00e3o de P\u00f3s-Graduandos (APG), Maria Fantinatti. Outras autoridades ainda est\u00e3o com presen\u00e7a a serem confirmadas, como o prefeito da cidade do Rio de Janeiro, Marcelo Crivella. A cerim\u00f4nica tamb\u00e9m contar\u00e1 com atividades culturais, como a participa\u00e7\u00e3o do Coral Fiocruz, um ato ecum\u00eanico e apresenta\u00e7\u00f5es da Bateria da Mangueira e do Bloco Disc\u00edpulos de Oswaldo.<\/p>\n<p>Nomeada pelo presidente da Rep\u00fablica, Michel Temer, em decreto publicado no <a href=\"http:\/\/pesquisa.in.gov.br\/imprensa\/jsp\/visualiza\/index.jsp?&lt;br&gt;&lt;br&gt;jornal=2&amp;pagina=1&amp;data=04\/01\/2017\">Di\u00e1rio Oficial da Uni\u00e3o<\/a> do dia 4 de janeiro, para a gest\u00e3o 2017-2020, N\u00edsia Trindade Lima foi a candidata mais votada nas elei\u00e7\u00f5es internas da Fiocruz, realizadas em novembro de 2016, com 59,7% dos votos em primeira op\u00e7\u00e3o. De 2011 a 2016, N\u00edsia esteve \u00e0 frente da Vice-Presid\u00eancia de Ensino, Informa\u00e7\u00e3o e Comunica\u00e7\u00e3o (VPEIC\/Fiocruz). Em 2015, recebeu o pr\u00eamio Nise da Silveira, na categoria Mulher Cientista, pela Secretaria Especial de Pol\u00edticas para as Mulheres da Prefeitura do Rio de Janeiro.<\/p>\n<p>Clique <a href=\"https:\/\/agencia.fiocruz.br\/sites\/agencia.fiocruz.br\/files\/u34\/programacao_transmissaodecargopresidentedafiocruz2.pdf\">aqui<\/a> e confira a programa\u00e7\u00e3o oficial da cerim\u00f4nia de transmiss\u00e3o de cargo.<\/p>\n<p><sup><em><strong>CCS\/Fiocruz<\/strong><\/em><\/sup><br \/>\n<sup><em><strong>Fonte: Portal Fiocruz<\/strong><\/em><\/sup><\/p>\n","protected":false},"excerpt":{"rendered":"<p>A cerim\u00f4nia de transmiss\u00e3o de cargo de presidente da Fiocruz de Paulo Gadelha (2009 a 2016) para N\u00edsia Trindade Lima acontece, nesta sexta-feira (10\/2), a partir das 9h30, na Pra\u00e7a Pasteur, ao lado do Castelo Mourisco. A solenidade contar\u00e1 com a presen\u00e7a de diversas autoridades da ci\u00eancia, sa\u00fade e pol\u00edtica brasileira. Doutora em Sociologia e [&hellip;]<\/p>\n","protected":false},"author":26,"featured_media":18201,"comment_status":"open","ping_status":"open","sticky":false,"template":"","format":"standard","meta":{"footnotes":""},"categories":[15],"tags":[],"class_list":["post-18240","post","type-post","status-publish","format-standard","has-post-thumbnail","hentry","category-noticias"],"_links":{"self":[{"href":"https:\/\/amazonia.fiocruz.br\/index.php?rest_route=\/wp\/v2\/posts\/18240","targetHints":{"allow":["GET"]}}],"collection":[{"href":"https:\/\/amazonia.fiocruz.br\/index.php?rest_route=\/wp\/v2\/posts"}],"about":[{"href":"https:\/\/amazonia.fiocruz.br\/index.php?rest_route=\/wp\/v2\/types\/post"}],"author":[{"embeddable":true,"href":"https:\/\/amazonia.fiocruz.br\/index.php?rest_route=\/wp\/v2\/users\/26"}],"replies":[{"embeddable":true,"href":"https:\/\/amazonia.fiocruz.br\/index.php?rest_route=%2Fwp%2Fv2%2Fcomments&post=18240"}],"version-history":[{"count":3,"href":"https:\/\/amazonia.fiocruz.br\/index.php?rest_route=\/wp\/v2\/posts\/18240\/revisions"}],"predecessor-version":[{"id":18404,"href":"https:\/\/amazonia.fiocruz.br\/index.php?rest_route=\/wp\/v2\/posts\/18240\/revisions\/18404"}],"wp:featuredmedia":[{"embeddable":true,"href":"https:\/\/amazonia.fiocruz.br\/index.php?rest_route=\/wp\/v2\/media\/18201"}],"wp:attachment":[{"href":"https:\/\/amazonia.fiocruz.br\/index.php?rest_route=%2Fwp%2Fv2%2Fmedia&parent=18240"}],"wp:term":[{"taxonomy":"category","embeddable":true,"href":"https:\/\/amazonia.fiocruz.br\/index.php?rest_route=%2Fwp%2Fv2%2Fcategories&post=18240"},{"taxonomy":"post_tag","embeddable":true,"href":"https:\/\/amazonia.fiocruz.br\/index.php?rest_route=%2Fwp%2Fv2%2Ftags&post=18240"}],"curies":[{"name":"wp","href":"https:\/\/api.w.org\/{rel}","templated":true}]}}