{"id":16787,"date":"2016-07-27T20:40:29","date_gmt":"2016-07-27T20:40:29","guid":{"rendered":"https:\/\/192.168.240.20\/?p=16787"},"modified":"2016-07-28T15:19:26","modified_gmt":"2016-07-28T15:19:26","slug":"iniciacao_cientifica-2","status":"publish","type":"post","link":"https:\/\/amazonia.fiocruz.br\/?p=16787","title":{"rendered":"Ambiente, Ecologia e Sa\u00fade"},"content":{"rendered":"<div id='av_section_1'  class='avia-section main_color avia-section-default avia-no-shadow  avia-bg-style-scroll  avia-builder-el-0  el_before_av_heading  avia-builder-el-first   av-minimum-height av-minimum-height-50  container_wrap sidebar_right' style=' '   data-av_minimum_height_pc='50'><div class='container' ><main  role=\"main\" itemprop=\"mainContentOfPage\"  class='template-page content  av-content-small alpha units'><div class='post-entry post-entry-type-page post-entry-16787'><div class='entry-content-wrapper clearfix'>\n<div class=\"flex_column av_two_fifth  flex_column_div av-zero-column-padding first  avia-builder-el-1  avia-builder-el-no-sibling  \" style='border-radius:0px; '><div  style='padding-bottom:10px; color:#ffffff;font-size:30px;' class='av-special-heading av-special-heading-h3 custom-color-heading blockquote modern-quote  avia-builder-el-2  avia-builder-el-no-sibling  av-inherit-size '><h3 class='av-special-heading-tag '  itemprop=\"headline\"  >LINHAS DE PESQUISA<\/h3><div class ='av-subheading av-subheading_below av_custom_color ' style='font-size:18px;'><p>O ILMD realiza pesquisas em diversas \u00e1reas da sa\u00fade<\/p>\n<\/div><div class='special-heading-border'><div class='special-heading-inner-border' style='border-color:#ffffff'><\/div><\/div><\/div><\/div>\n<\/div><\/div><\/main><!-- close content main element --><\/div><\/div><div id='after_section_1'  class='main_color av_default_container_wrap container_wrap sidebar_right' style=' '  ><div class='container' ><div class='template-page content  av-content-small alpha units'><div class='post-entry post-entry-type-page post-entry-16787'><div class='entry-content-wrapper clearfix'>\n<div  style='padding-bottom:10px; font-size:50px;' class='av-special-heading av-special-heading-h3  blockquote modern-quote modern-centered  avia-builder-el-3  el_after_av_section  el_before_av_hr  avia-builder-el-first  av-thin-font av-inherit-size '><h3 class='av-special-heading-tag '  itemprop=\"headline\"  ><strong>Ambiente, Ecologia e Sa\u00fade<\/strong><\/h3><div class='special-heading-border'><div class='special-heading-inner-border' ><\/div><\/div><\/div>\n<div   class='hr hr-default   avia-builder-el-4  el_after_av_heading  el_before_av_textblock '><span class='hr-inner ' ><span class='hr-inner-style'><\/span><\/span><\/div>\n<section class=\"av_textblock_section \"  itemscope=\"itemscope\" itemtype=\"https:\/\/schema.org\/BlogPosting\" itemprop=\"blogPost\" ><div class='avia_textblock  '   itemprop=\"text\" ><p>Estuda as rela\u00e7\u00f5es e interven\u00e7\u00f5es entre o homem e o ambiente e seus reflexos para a sa\u00fade individual e coletiva.<\/p>\n<ul>\n<li>As doen\u00e7as emergentes e re-emergentes;<\/li>\n<li>As patologias resultantes da ocupa\u00e7\u00e3o do espa\u00e7o geogr\u00e1fico pelo homem;<\/li>\n<li>A s\u00f3cio-diversidade e sua rela\u00e7\u00e3o com a sa\u00fade;<\/li>\n<li>As patologias causadas pela contamina\u00e7\u00e3o ambiental;<\/li>\n<li>A influ\u00eancia do ambiente na qualidade de vida do homem;<\/li>\n<li>As altera\u00e7\u00f5es funcionais de seres vivos expostos a contaminantes qu\u00edmicos de fontes antropog\u00eanicas ou naturais;<\/li>\n<li>Os aspectos \u00e9ticos da rela\u00e7\u00e3o entre o homem e seu meio-ambiente;<\/li>\n<li>A sa\u00fade e ecossistemas.<\/li>\n<\/ul>\n<\/div><\/section>\n<\/div><\/div><\/div><!-- close content main div --><\/div><\/div><div id='av_section_2'  class='avia-section main_color avia-section-default avia-no-border-styling  avia-bg-style-scroll  avia-builder-el-6  el_after_av_textblock  avia-builder-el-last   container_wrap sidebar_right' style=' '  ><div class='container' ><div class='template-page content  av-content-small alpha units'><div class='post-entry post-entry-type-page post-entry-16787'><div class='entry-content-wrapper clearfix'>\n<div class=\"flex_column av_one_fifth  flex_column_div av-zero-column-padding first  avia-builder-el-7  el_before_av_three_fifth  avia-builder-el-first  \" style='border-radius:0px; '><\/div><div class=\"flex_column av_three_fifth  flex_column_div av-zero-column-padding   avia-builder-el-8  el_after_av_one_fifth  el_before_av_one_fifth  \" style='border-radius:0px; '><div  style='padding-bottom:10px; font-size:50px;' class='av-special-heading av-special-heading-h3  blockquote modern-quote modern-centered  avia-builder-el-9  avia-builder-el-no-sibling  av-thin-font av-inherit-size '><h3 class='av-special-heading-tag '  itemprop=\"headline\"  ><strong>Linhas de Pesquisa<\/strong><\/h3><div class='special-heading-border'><div class='special-heading-inner-border' ><\/div><\/div><\/div><\/div><div class=\"flex_column av_one_fifth  flex_column_div av-zero-column-padding   avia-builder-el-10  el_after_av_three_fifth  el_before_av_hr  \" style='border-radius:0px; '><\/div><div  style='height:30px' class='hr hr-invisible   avia-builder-el-11  el_after_av_one_fifth  el_before_av_blog '><span class='hr-inner ' ><span class='hr-inner-style'><\/span><\/span><\/div>\n<div   data-autoplay=''  data-interval='5'  data-animation='fade'  data-show_slide_delay='90'  class='avia-content-slider avia-content-grid-active avia-content-slider1 avia-content-slider-odd  avia-builder-el-12  el_after_av_hr  avia-builder-el-last  '  itemscope=\"itemscope\" itemtype=\"https:\/\/schema.org\/Blog\" ><div class='avia-content-slider-inner'><div class='slide-entry-wrap'><article class='slide-entry flex_column  post-entry post-entry-16787 slide-entry-overview slide-loop-1 slide-parity-odd  post-entry-last  av_one_fifth first fake-thumbnail post-format-standard'  itemscope=\"itemscope\" itemtype=\"https:\/\/schema.org\/BlogPosting\" itemprop=\"blogPost\" ><a href='https:\/\/amazonia.fiocruz.br\/?p=16787' data-rel='slide-1' class='slide-image' title='Ambiente, Ecologia e Sa\u00fade'><span class=' fallback-post-type-icon' aria-hidden='true' data-av_icon='\ue836' data-av_iconfont='entypo-fontello'><\/span><span class='slider-fallback-image'><\/span><\/a><div class='slide-content'><header class=\"entry-content-header\"><h3 class='slide-entry-title entry-title '  itemprop=\"headline\" ><a href='https:\/\/amazonia.fiocruz.br\/?p=16787' title='Ambiente, Ecologia e Sa\u00fade'>Ambiente, Ecologia e Sa\u00fade<\/a><\/h3><span class=\"av-vertical-delimiter\"><\/span><\/header><div class='slide-meta'><time class='slide-meta-time updated'  itemprop=\"datePublished\" datetime=\"2016-07-27T20:40:29-04:00\" >27 de julho de 2016<\/time><\/div><div class='slide-entry-excerpt entry-content'  itemprop=\"text\" >\r\n\r\n\r\n\r\n\r\n\r\n\r\n\r\n<\/div><\/div><footer class=\"entry-footer\"><\/footer><span class='hidden'>\n\t\t\t\t<span class='av-structured-data'  itemprop=\"image\" itemscope=\"itemscope\" itemtype=\"https:\/\/schema.org\/ImageObject\" >\n\t\t\t\t\t\t<span itemprop='url'>https:\/\/amazonia.fiocruz.br\/wp-content\/uploads\/2024\/06\/Assinatura-conjunta-2024-ILMD-Fiocruz-SUS_branca-1.png<\/span>\n\t\t\t\t\t\t<span itemprop='height'>0<\/span>\n\t\t\t\t\t\t<span itemprop='width'>0<\/span>\n\t\t\t\t<\/span>\n\t\t\t\t<span class='av-structured-data'  itemprop=\"publisher\" itemtype=\"https:\/\/schema.org\/Organization\" itemscope=\"itemscope\" >\n\t\t\t\t\t\t<span itemprop='name'>Marlucia Almeida<\/span>\n\t\t\t\t\t\t<span itemprop='logo' itemscope itemtype='https:\/\/schema.org\/ImageObject'>\n\t\t\t\t\t\t\t<span itemprop='url'>https:\/\/amazonia.fiocruz.br\/wp-content\/uploads\/2024\/06\/Assinatura-conjunta-2024-ILMD-Fiocruz-SUS_branca-1.png<\/span>\n\t\t\t\t\t\t <\/span>\n\t\t\t\t<\/span><span class='av-structured-data'  itemprop=\"author\" itemscope=\"itemscope\" itemtype=\"https:\/\/schema.org\/Person\" ><span itemprop='name'>Marlucia Almeida<\/span><\/span><span class='av-structured-data'  itemprop=\"datePublished\" datetime=\"2016-07-27T20:40:29-04:00\" >2016-07-27 20:40:29<\/span><span class='av-structured-data'  itemprop=\"dateModified\" itemtype=\"https:\/\/schema.org\/dateModified\" >2016-07-28 15:19:26<\/span><span class='av-structured-data'  itemprop=\"mainEntityOfPage\" itemtype=\"https:\/\/schema.org\/mainEntityOfPage\" ><span itemprop='name'>Ambiente, Ecologia e Sa\u00fade<\/span><\/span><\/span><\/article><\/div><\/div><\/div>\n<\/div><\/div><\/div><!-- close content main div --><\/div><\/div><div id='after_section_2'  class='main_color av_default_container_wrap container_wrap sidebar_right' style=' '  ><div class='container' ><div class='template-page content  av-content-small alpha units'><div class='post-entry post-entry-type-page post-entry-16787'><div class='entry-content-wrapper clearfix'>\n","protected":false},"excerpt":{"rendered":"","protected":false},"author":26,"featured_media":0,"comment_status":"open","ping_status":"open","sticky":false,"template":"","format":"standard","meta":{"footnotes":""},"categories":[116],"tags":[],"class_list":["post-16787","post","type-post","status-publish","format-standard","hentry","category-linha-de-pesquisa-em"],"_links":{"self":[{"href":"https:\/\/amazonia.fiocruz.br\/index.php?rest_route=\/wp\/v2\/posts\/16787","targetHints":{"allow":["GET"]}}],"collection":[{"href":"https:\/\/amazonia.fiocruz.br\/index.php?rest_route=\/wp\/v2\/posts"}],"about":[{"href":"https:\/\/amazonia.fiocruz.br\/index.php?rest_route=\/wp\/v2\/types\/post"}],"author":[{"embeddable":true,"href":"https:\/\/amazonia.fiocruz.br\/index.php?rest_route=\/wp\/v2\/users\/26"}],"replies":[{"embeddable":true,"href":"https:\/\/amazonia.fiocruz.br\/index.php?rest_route=%2Fwp%2Fv2%2Fcomments&post=16787"}],"version-history":[{"count":8,"href":"https:\/\/amazonia.fiocruz.br\/index.php?rest_route=\/wp\/v2\/posts\/16787\/revisions"}],"predecessor-version":[{"id":16811,"href":"https:\/\/amazonia.fiocruz.br\/index.php?rest_route=\/wp\/v2\/posts\/16787\/revisions\/16811"}],"wp:attachment":[{"href":"https:\/\/amazonia.fiocruz.br\/index.php?rest_route=%2Fwp%2Fv2%2Fmedia&parent=16787"}],"wp:term":[{"taxonomy":"category","embeddable":true,"href":"https:\/\/amazonia.fiocruz.br\/index.php?rest_route=%2Fwp%2Fv2%2Fcategories&post=16787"},{"taxonomy":"post_tag","embeddable":true,"href":"https:\/\/amazonia.fiocruz.br\/index.php?rest_route=%2Fwp%2Fv2%2Ftags&post=16787"}],"curies":[{"name":"wp","href":"https:\/\/api.w.org\/{rel}","templated":true}]}}