{"id":16508,"date":"2016-07-15T14:53:39","date_gmt":"2016-07-15T14:53:39","guid":{"rendered":"https:\/\/192.168.240.20\/?p=16508"},"modified":"2017-02-09T19:02:57","modified_gmt":"2017-02-09T19:02:57","slug":"grupodepesquisa_diversidade_microbiana","status":"publish","type":"post","link":"https:\/\/amazonia.fiocruz.br\/?p=16508","title":{"rendered":"Diversidade microbiana da Amaz\u00f4nia com import\u00e2ncia para a sa\u00fade."},"content":{"rendered":"<div id='av_section_1'  class='avia-section main_color avia-section-default avia-no-shadow  avia-full-stretch avia-bg-style-scroll  avia-builder-el-0  el_before_av_section  avia-builder-el-first   av-minimum-height av-minimum-height-50  container_wrap sidebar_right' style='background-repeat: no-repeat; background-image: url(https:\/\/amazonia.fiocruz.br\/wp-content\/uploads\/2016\/07\/microbiana.png);background-attachment: scroll; background-position: center left;  '  data-section-bg-repeat='stretch' data-av_minimum_height_pc='50'><div class='container' ><main  role=\"main\" itemprop=\"mainContentOfPage\"  class='template-page content  av-content-small alpha units'><div class='post-entry post-entry-type-page post-entry-16508'><div class='entry-content-wrapper clearfix'>\n<div class=\"flex_column av_two_fifth  flex_column_div av-zero-column-padding first  avia-builder-el-1  avia-builder-el-no-sibling  \" style='border-radius:0px; '><div  style='padding-bottom:10px; color:#164700;font-size:30px;' class='av-special-heading av-special-heading-h3 custom-color-heading blockquote modern-quote  avia-builder-el-2  avia-builder-el-no-sibling  av-inherit-size '><h3 class='av-special-heading-tag '  itemprop=\"headline\"  >DIVERSIDADE<br \/>\nMICROBIANA<br \/>\nDA AMAZ\u00d4NIA<\/h3><div class ='av-subheading av-subheading_below av_custom_color ' style='font-size:18px;'><p>ILMD\/Fiocruz Amaz\u00f4nia<\/p>\n<\/div><div class='special-heading-border'><div class='special-heading-inner-border' style='border-color:#164700'><\/div><\/div><\/div><\/div>\n\n<\/div><\/div><\/main><!-- close content main element --><\/div><\/div><div id='av_section_2'  class='avia-section main_color avia-section-default avia-no-border-styling  avia-bg-style-scroll  avia-builder-el-3  el_after_av_section  el_before_av_section   container_wrap sidebar_right' style=' '  ><div class='container' ><div class='template-page content  av-content-small alpha units'><div class='post-entry post-entry-type-page post-entry-16508'><div class='entry-content-wrapper clearfix'>\n<div class=\"flex_column av_one_fifth  flex_column_div av-zero-column-padding first  avia-builder-el-4  el_before_av_three_fifth  avia-builder-el-first  \" style='border-radius:0px; '><\/div><div class=\"flex_column av_three_fifth  flex_column_div av-zero-column-padding   avia-builder-el-5  el_after_av_one_fifth  el_before_av_one_fifth  \" style='border-radius:0px; '><p><div  style='height:30px' class='hr hr-invisible   avia-builder-el-6  el_before_av_heading  avia-builder-el-first '><span class='hr-inner ' ><span class='hr-inner-style'><\/span><\/span><\/div><br \/>\n<div  style='padding-bottom:10px; font-size:50px;' class='av-special-heading av-special-heading-h3  blockquote modern-quote modern-centered  avia-builder-el-7  el_after_av_hr  el_before_av_hr  av-thin-font av-inherit-size '><h3 class='av-special-heading-tag '  itemprop=\"headline\"  ><strong>Diversidade microbiana da Amaz\u00f4nia com import\u00e2ncia para a sa\u00fade.<\/strong><\/h3><div class='special-heading-border'><div class='special-heading-inner-border' ><\/div><\/div><\/div><br \/>\n<div  style='height:10px' class='hr hr-invisible   avia-builder-el-8  el_after_av_heading  avia-builder-el-last '><span class='hr-inner ' ><span class='hr-inner-style'><\/span><\/span><\/div><\/p><\/div><div class=\"flex_column av_one_fifth  flex_column_div av-zero-column-padding   avia-builder-el-9  el_after_av_three_fifth  avia-builder-el-last  \" style='border-radius:0px; '><\/div>\n\n<\/div><\/div><\/div><!-- close content main div --><\/div><\/div><div id='av_section_3'  class='avia-section main_color avia-section-small avia-no-border-styling  avia-bg-style-scroll  avia-builder-el-10  el_after_av_section  el_before_av_section   container_wrap sidebar_right' style=' '  ><div class='container' ><div class='template-page content  av-content-small alpha units'><div class='post-entry post-entry-type-page post-entry-16508'><div class='entry-content-wrapper clearfix'>\n<div class=\"flex_column av_one_full  flex_column_div av-zero-column-padding first  avia-builder-el-11  el_before_av_one_half  avia-builder-el-first  \" style='border-radius:0px; '><\/div><div class=\"flex_column av_one_half  flex_column_div first  avia-builder-el-13  el_after_av_one_full  el_before_av_one_half  column-top-margin\" style='padding:30px; border-radius:5px; '><section class=\"av_textblock_section \"  itemscope=\"itemscope\" itemtype=\"https:\/\/schema.org\/BlogPosting\" itemprop=\"blogPost\" ><div class='avia_textblock  '  style='font-size:15px; '  itemprop=\"text\" ><p>Coordena\u00e7\u00e3o:<\/p>\n<ul>\n<li>Ani Beatriz Jackisch Matsuura<\/li>\n<li>Ormezinda Celeste Cristo Fernandes<\/li>\n<\/ul>\n<p>\u00c1rea predominante:<\/p>\n<ul>\n<li>Ci\u00eancias Biol\u00f3gicas e Microbiologia<\/li>\n<\/ul>\n<\/div><\/section><\/div><div class=\"flex_column av_one_half  flex_column_div   avia-builder-el-15  el_after_av_one_half  avia-builder-el-last  column-top-margin\" style='padding:30px; border-radius:px; '><section class=\"av_textblock_section \"  itemscope=\"itemscope\" itemtype=\"https:\/\/schema.org\/BlogPosting\" itemprop=\"blogPost\" ><div class='avia_textblock  '  style='font-size:15px; '  itemprop=\"text\" ><p>Linhas de Pesquisa:<\/p>\n<ul>\n<li>Eco-epidemiologia de doen\u00e7as causadas por microrganismos e parasitas intestinais na Amaz\u00f4nia;<\/li>\n<li>Diagn\u00f3stico e caracteriza\u00e7\u00e3o genot\u00edpica e fenot\u00edpica de microrganismos e parasitas em amostras cl\u00ednicas e ambientais na Amaz\u00f4nia;<\/li>\n<li>Prospec\u00e7\u00e3o de compostos bioativos em microrganismos da Amaz\u00f4nia.<\/li>\n<\/ul>\n<\/div><\/section><\/div>\n\n<\/div><\/div><\/div><!-- close content main div --><\/div><\/div><div id='av_section_4'  class='avia-section main_color avia-section-default avia-no-border-styling  avia-bg-style-scroll  avia-builder-el-17  el_after_av_section  el_before_av_section   container_wrap sidebar_right' style=' '  ><div class='container' ><div class='template-page content  av-content-small alpha units'><div class='post-entry post-entry-type-page post-entry-16508'><div class='entry-content-wrapper clearfix'>\n<div class=\"flex_column av_one_fifth  flex_column_div av-zero-column-padding first  avia-builder-el-18  el_before_av_three_fifth  avia-builder-el-first  \" style='border-radius:0px; '><\/div><div class=\"flex_column av_three_fifth  flex_column_div av-zero-column-padding   avia-builder-el-19  el_after_av_one_fifth  el_before_av_one_fifth  \" style='border-radius:0px; '><div  style='padding-bottom:10px; font-size:50px;' class='av-special-heading av-special-heading-h3  blockquote modern-quote modern-centered  avia-builder-el-20  avia-builder-el-no-sibling  av-thin-font av-inherit-size '><h3 class='av-special-heading-tag '  itemprop=\"headline\"  ><strong> Equipe de pesquisa<\/strong><\/h3><div class='special-heading-border'><div class='special-heading-inner-border' ><\/div><\/div><\/div><\/div><div class=\"flex_column av_one_fifth  flex_column_div av-zero-column-padding   avia-builder-el-21  el_after_av_three_fifth  el_before_av_one_third  \" style='border-radius:0px; '><\/div><div class=\"flex_column av_one_third  flex_column_div av-zero-column-padding first  avia-builder-el-22  el_after_av_one_fifth  el_before_av_one_third  column-top-margin\" style='border-radius:0px; '><p><div  class='avia-icon-list-container   avia-builder-el-23  el_before_av_hr  avia-builder-el-first '><ul class='avia-icon-list avia-icon-list-left av-iconlist-big avia_animate_when_almost_visible avia-iconlist-animate'>\n<li><div  class='iconlist_icon  avia-font-fontello'><span class='iconlist-char ' aria-hidden='true' data-av_icon='\ue804' data-av_iconfont='fontello'><\/span><\/div><article class=\"article-icon-entry av-iconlist-empty\"  itemscope=\"itemscope\" itemtype=\"https:\/\/schema.org\/BlogPosting\" itemprop=\"blogPost\" ><div class='iconlist_content_wrap'><header class=\"entry-content-header\"><h4 class='av_iconlist_title iconlist_title   '  itemprop=\"headline\"  >PESQUISADORES<\/h4><\/header><div class='iconlist_content  '  itemprop=\"text\"  ><\/div><\/div><footer class=\"entry-footer\"><\/footer><\/article><div class='iconlist-timeline'><\/div><\/li>\n<\/ul><\/div><br \/>\n<div  style='height:10px' class='hr hr-invisible   avia-builder-el-24  el_after_av_iconlist  el_before_av_textblock '><span class='hr-inner ' ><span class='hr-inner-style'><\/span><\/span><\/div><br \/>\n<section class=\"av_textblock_section \"  itemscope=\"itemscope\" itemtype=\"https:\/\/schema.org\/BlogPosting\" itemprop=\"blogPost\" ><div class='avia_textblock  '  style='font-size:15px; '  itemprop=\"text\" ><ul>\n<li>Ana Karla Lima Freire<\/li>\n<li>Ani Beatriz Jackisch Matsuura<\/li>\n<li>David Eduardo Barroso<\/li>\n<li>Jo\u00e3o Vicente Braga de Souza<\/li>\n<li>Josy Caldas da Silva<\/li>\n<li>Katia Maria da Silva Lima<\/li>\n<li>Leandro Luiz Giatti<\/li>\n<li>Luciana Trilles<\/li>\n<li>Luciete Almeida Silva<\/li>\n<li>Maria Linda Flora de Novaes Benetton<\/li>\n<li>Michele Silva de Jesus<\/li>\n<li>Ormezinda Celeste Cristo Fernandes<\/li>\n<li>S\u00f4nia de Oliveira<\/li>\n<li>Suanni Lemos de Andrade<\/li>\n<li>Takeshi Matsuura<\/li>\n<\/ul>\n<\/div><\/section><\/p><\/div><div class=\"flex_column av_one_third  flex_column_div av-zero-column-padding   avia-builder-el-26  el_after_av_one_third  el_before_av_one_third  column-top-margin\" style='border-radius:0px; '><p><div  class='avia-icon-list-container   avia-builder-el-27  el_before_av_hr  avia-builder-el-first '><ul class='avia-icon-list avia-icon-list-left av-iconlist-big avia_animate_when_almost_visible avia-iconlist-animate'>\n<li><div  class='iconlist_icon  avia-font-fontello'><span class='iconlist-char ' aria-hidden='true' data-av_icon='\ue8d9' data-av_iconfont='fontello'><\/span><\/div><article class=\"article-icon-entry av-iconlist-empty\"  itemscope=\"itemscope\" itemtype=\"https:\/\/schema.org\/BlogPosting\" itemprop=\"blogPost\" ><div class='iconlist_content_wrap'><header class=\"entry-content-header\"><h4 class='av_iconlist_title iconlist_title   '  itemprop=\"headline\"  >ESTUDANTES<\/h4><\/header><div class='iconlist_content  '  itemprop=\"text\"  ><\/div><\/div><footer class=\"entry-footer\"><\/footer><\/article><div class='iconlist-timeline'><\/div><\/li>\n<\/ul><\/div><br \/>\n<div  style='height:10px' class='hr hr-invisible   avia-builder-el-28  el_after_av_iconlist  el_before_av_textblock '><span class='hr-inner ' ><span class='hr-inner-style'><\/span><\/span><\/div><br \/>\n<section class=\"av_textblock_section \"  itemscope=\"itemscope\" itemtype=\"https:\/\/schema.org\/BlogPosting\" itemprop=\"blogPost\" ><div class='avia_textblock  '  style='font-size:15px; '  itemprop=\"text\" ><ul>\n<li>Anni Kelle Serr\u00e3o de Lima<\/li>\n<li>Gleica Soyan Barbosa Alves<\/li>\n<li>Gutemberg Lopes Soares<\/li>\n<li>Juliana Gomes da Rocha<\/li>\n<li>Marcelo Augusto da Eira Corr\u00eaa<\/li>\n<li>Milena Rodrigues Soares<\/li>\n<li>Rosiane Rodrigues Matias<\/li>\n<li>Stefane Reis Pereira<\/li>\n<li>Tatiane Souza Costa<\/li>\n<\/ul>\n<\/div><\/section><\/p><\/div><div class=\"flex_column av_one_third  flex_column_div av-zero-column-padding   avia-builder-el-30  el_after_av_one_third  avia-builder-el-last  column-top-margin\" style='border-radius:0px; '><p><div  class='avia-icon-list-container   avia-builder-el-31  el_before_av_hr  avia-builder-el-first '><ul class='avia-icon-list avia-icon-list-left av-iconlist-big avia_animate_when_almost_visible avia-iconlist-animate'>\n<li><div  class='iconlist_icon  avia-font-entypo-fontello'><span class='iconlist-char ' aria-hidden='true' data-av_icon='\ue8c9' data-av_iconfont='entypo-fontello'><\/span><\/div><article class=\"article-icon-entry av-iconlist-empty\"  itemscope=\"itemscope\" itemtype=\"https:\/\/schema.org\/BlogPosting\" itemprop=\"blogPost\" ><div class='iconlist_content_wrap'><header class=\"entry-content-header\"><h4 class='av_iconlist_title iconlist_title   '  itemprop=\"headline\"  >T\u00c9CNICOS<\/h4><\/header><div class='iconlist_content  '  itemprop=\"text\"  ><\/div><\/div><footer class=\"entry-footer\"><\/footer><\/article><div class='iconlist-timeline'><\/div><\/li>\n<\/ul><\/div><br \/>\n<div  style='height:10px' class='hr hr-invisible   avia-builder-el-32  el_after_av_iconlist  el_before_av_textblock '><span class='hr-inner ' ><span class='hr-inner-style'><\/span><\/span><\/div><br \/>\n<section class=\"av_textblock_section \"  itemscope=\"itemscope\" itemtype=\"https:\/\/schema.org\/BlogPosting\" itemprop=\"blogPost\" ><div class='avia_textblock  '  style='font-size:15px; '  itemprop=\"text\" ><ul>\n<li>Giovana Pinheiro da Concei\u00e7\u00e3o Martins &#8211; Especializa\u00e7\u00e3o &#8211; Analista de Suporte<\/li>\n<li>Juracy Aquino de Souza &#8211; Ensino M\u00e9dio (2o grau) &#8211; Auxiliar de Laborat\u00f3rio<\/li>\n<li>Marizete Vieira Duarte &#8211; Gradua\u00e7\u00e3o &#8211; Analista de Suporte<\/li>\n<li>Nathanael Pires Tavares &#8211; Ensino M\u00e9dio (2o grau) &#8211; Auxiliar de Laborat\u00f3rio<\/li>\n<li>Patr\u00edcia Dantas de Souza Melo &#8211; Gradua\u00e7\u00e3o &#8211; Auxiliar de Laborat\u00f3rio<\/li>\n<li>Perp\u00e9tua Socorro de Oliveira \u2013 Gradua\u00e7\u00e3o &#8211; T\u00e9cnica em Qu\u00edmica<\/li>\n<li>Ricardo de Moura Mota &#8211; Ensino M\u00e9dio (2o grau) &#8211; Auxiliar de Campo<\/li>\n<\/ul>\n<\/div><\/section><\/p><\/div><\/div><\/div><\/div><!-- close content main div --><\/div><\/div><div id='av_section_5'  class='avia-section main_color avia-section-default avia-no-border-styling  avia-bg-style-scroll  avia-builder-el-34  el_after_av_section  avia-builder-el-last   container_wrap sidebar_right' style=' '  ><div class='container' ><div class='template-page content  av-content-small alpha units'><div class='post-entry post-entry-type-page post-entry-16508'><div class='entry-content-wrapper clearfix'>\n<div class=\"flex_column av_one_fifth  flex_column_div av-zero-column-padding first  avia-builder-el-35  el_before_av_three_fifth  avia-builder-el-first  \" style='border-radius:0px; '><\/div><div class=\"flex_column av_three_fifth  flex_column_div av-zero-column-padding   avia-builder-el-36  el_after_av_one_fifth  el_before_av_one_fifth  \" style='border-radius:0px; '><div  style='padding-bottom:10px; font-size:50px;' class='av-special-heading av-special-heading-h3  blockquote modern-quote modern-centered  avia-builder-el-37  avia-builder-el-no-sibling  av-thin-font av-inherit-size '><h3 class='av-special-heading-tag '  itemprop=\"headline\"  ><strong> Grupos de pesquisa<\/strong><\/h3><div class='special-heading-border'><div class='special-heading-inner-border' ><\/div><\/div><\/div><\/div><div class=\"flex_column av_one_fifth  flex_column_div av-zero-column-padding   avia-builder-el-38  el_after_av_three_fifth  el_before_av_hr  \" style='border-radius:0px; '><\/div><div  style='height:30px' class='hr hr-invisible   avia-builder-el-39  el_after_av_one_fifth  el_before_av_blog '><span class='hr-inner ' ><span class='hr-inner-style'><\/span><\/span><\/div>\n<div   data-autoplay=''  data-interval='5'  data-animation='fade'  data-show_slide_delay='90'  class='avia-content-slider avia-content-grid-active avia-content-slider1 avia-content-slider-odd  avia-builder-el-40  el_after_av_hr  avia-builder-el-last  '  itemscope=\"itemscope\" itemtype=\"https:\/\/schema.org\/Blog\" ><div class='avia-content-slider-inner'><div class='slide-entry-wrap'><article class='slide-entry flex_column  post-entry post-entry-16508 slide-entry-overview slide-loop-1 slide-parity-odd  av_one_third first fake-thumbnail post-format-standard'  itemscope=\"itemscope\" itemtype=\"https:\/\/schema.org\/BlogPosting\" itemprop=\"blogPost\" ><a href='https:\/\/amazonia.fiocruz.br\/?p=16508' data-rel='slide-1' class='slide-image' title='Diversidade microbiana da Amaz\u00f4nia com import\u00e2ncia para a sa\u00fade.'><span class=' fallback-post-type-icon' aria-hidden='true' data-av_icon='\ue836' data-av_iconfont='entypo-fontello'><\/span><span class='slider-fallback-image'><\/span><\/a><div class='slide-content'><header class=\"entry-content-header\"><h3 class='slide-entry-title entry-title '  itemprop=\"headline\" ><a href='https:\/\/amazonia.fiocruz.br\/?p=16508' title='Diversidade microbiana da Amaz\u00f4nia com import\u00e2ncia para a sa\u00fade.'>Diversidade microbiana da Amaz\u00f4nia com import\u00e2ncia para a sa\u00fade.<\/a><\/h3><span class=\"av-vertical-delimiter\"><\/span><\/header><div class='slide-meta'><time class='slide-meta-time updated'  itemprop=\"datePublished\" datetime=\"2016-07-15T14:53:39-04:00\" >15 de julho de 2016<\/time><\/div><div class='slide-entry-excerpt entry-content'  itemprop=\"text\" >\r\n\r\n\r\n\r\n\r\n\r\n<\/div><\/div><footer class=\"entry-footer\"><\/footer><span class='hidden'>\n\t\t\t\t<span class='av-structured-data'  itemprop=\"image\" itemscope=\"itemscope\" itemtype=\"https:\/\/schema.org\/ImageObject\" >\n\t\t\t\t\t\t<span itemprop='url'>https:\/\/amazonia.fiocruz.br\/wp-content\/uploads\/2024\/06\/Assinatura-conjunta-2024-ILMD-Fiocruz-SUS_branca-1.png<\/span>\n\t\t\t\t\t\t<span itemprop='height'>0<\/span>\n\t\t\t\t\t\t<span itemprop='width'>0<\/span>\n\t\t\t\t<\/span>\n\t\t\t\t<span class='av-structured-data'  itemprop=\"publisher\" itemtype=\"https:\/\/schema.org\/Organization\" itemscope=\"itemscope\" >\n\t\t\t\t\t\t<span itemprop='name'>Marlucia Almeida<\/span>\n\t\t\t\t\t\t<span itemprop='logo' itemscope itemtype='https:\/\/schema.org\/ImageObject'>\n\t\t\t\t\t\t\t<span itemprop='url'>https:\/\/amazonia.fiocruz.br\/wp-content\/uploads\/2024\/06\/Assinatura-conjunta-2024-ILMD-Fiocruz-SUS_branca-1.png<\/span>\n\t\t\t\t\t\t <\/span>\n\t\t\t\t<\/span><span class='av-structured-data'  itemprop=\"author\" itemscope=\"itemscope\" itemtype=\"https:\/\/schema.org\/Person\" ><span itemprop='name'>Marlucia Almeida<\/span><\/span><span class='av-structured-data'  itemprop=\"datePublished\" datetime=\"2016-07-15T14:53:39-04:00\" >2016-07-15 14:53:39<\/span><span class='av-structured-data'  itemprop=\"dateModified\" itemtype=\"https:\/\/schema.org\/dateModified\" >2017-02-09 19:02:57<\/span><span class='av-structured-data'  itemprop=\"mainEntityOfPage\" itemtype=\"https:\/\/schema.org\/mainEntityOfPage\" ><span itemprop='name'>Diversidade microbiana da Amaz\u00f4nia com import\u00e2ncia para a sa\u00fade.<\/span><\/span><\/span><\/article><article class='slide-entry flex_column  post-entry post-entry-16470 slide-entry-overview slide-loop-2 slide-parity-even  av_one_third  fake-thumbnail post-format-standard'  itemscope=\"itemscope\" itemtype=\"https:\/\/schema.org\/BlogPosting\" itemprop=\"blogPost\" ><a href='https:\/\/amazonia.fiocruz.br\/?p=16470' data-rel='slide-1' class='slide-image' title='Territ\u00f3rio, Ambiente, Sa\u00fade e Sustentabilidade.'><span class=' fallback-post-type-icon' aria-hidden='true' data-av_icon='\ue836' data-av_iconfont='entypo-fontello'><\/span><span class='slider-fallback-image'><\/span><\/a><div class='slide-content'><header class=\"entry-content-header\"><h3 class='slide-entry-title entry-title '  itemprop=\"headline\" ><a href='https:\/\/amazonia.fiocruz.br\/?p=16470' title='Territ\u00f3rio, Ambiente, Sa\u00fade e Sustentabilidade.'>Territ\u00f3rio, Ambiente, Sa\u00fade e Sustentabilidade.<\/a><\/h3><span class=\"av-vertical-delimiter\"><\/span><\/header><div class='slide-meta'><time class='slide-meta-time updated'  itemprop=\"datePublished\" datetime=\"2016-07-13T13:09:44-04:00\" >13 de julho de 2016<\/time><\/div><div class='slide-entry-excerpt entry-content'  itemprop=\"text\" >\r\n\r\n\r\n\r\n\r\n\r\n\r\n\r\n<\/div><\/div><footer class=\"entry-footer\"><\/footer><span class='hidden'>\n\t\t\t\t<span class='av-structured-data'  itemprop=\"image\" itemscope=\"itemscope\" itemtype=\"https:\/\/schema.org\/ImageObject\" >\n\t\t\t\t\t\t<span itemprop='url'>https:\/\/amazonia.fiocruz.br\/wp-content\/uploads\/2024\/06\/Assinatura-conjunta-2024-ILMD-Fiocruz-SUS_branca-1.png<\/span>\n\t\t\t\t\t\t<span itemprop='height'>0<\/span>\n\t\t\t\t\t\t<span itemprop='width'>0<\/span>\n\t\t\t\t<\/span>\n\t\t\t\t<span class='av-structured-data'  itemprop=\"publisher\" itemtype=\"https:\/\/schema.org\/Organization\" itemscope=\"itemscope\" >\n\t\t\t\t\t\t<span itemprop='name'>Marlucia Almeida<\/span>\n\t\t\t\t\t\t<span itemprop='logo' itemscope itemtype='https:\/\/schema.org\/ImageObject'>\n\t\t\t\t\t\t\t<span itemprop='url'>https:\/\/amazonia.fiocruz.br\/wp-content\/uploads\/2024\/06\/Assinatura-conjunta-2024-ILMD-Fiocruz-SUS_branca-1.png<\/span>\n\t\t\t\t\t\t <\/span>\n\t\t\t\t<\/span><span class='av-structured-data'  itemprop=\"author\" itemscope=\"itemscope\" itemtype=\"https:\/\/schema.org\/Person\" ><span itemprop='name'>Marlucia Almeida<\/span><\/span><span class='av-structured-data'  itemprop=\"datePublished\" datetime=\"2016-07-15T14:53:39-04:00\" >2016-07-13 13:09:44<\/span><span class='av-structured-data'  itemprop=\"dateModified\" itemtype=\"https:\/\/schema.org\/dateModified\" >2017-02-09 19:19:38<\/span><span class='av-structured-data'  itemprop=\"mainEntityOfPage\" itemtype=\"https:\/\/schema.org\/mainEntityOfPage\" ><span itemprop='name'>Territ\u00f3rio, Ambiente, Sa\u00fade e Sustentabilidade.<\/span><\/span><\/span><\/article><article class='slide-entry flex_column  post-entry post-entry-16468 slide-entry-overview slide-loop-3 slide-parity-odd  av_one_third  fake-thumbnail post-format-standard'  itemscope=\"itemscope\" itemtype=\"https:\/\/schema.org\/BlogPosting\" itemprop=\"blogPost\" ><a href='https:\/\/amazonia.fiocruz.br\/?p=16468' data-rel='slide-1' class='slide-image' title='Hist\u00f3ria das Ci\u00eancias na Amaz\u00f4nia'><span class=' fallback-post-type-icon' aria-hidden='true' data-av_icon='\ue836' data-av_iconfont='entypo-fontello'><\/span><span class='slider-fallback-image'><\/span><\/a><div class='slide-content'><header class=\"entry-content-header\"><h3 class='slide-entry-title entry-title '  itemprop=\"headline\" ><a href='https:\/\/amazonia.fiocruz.br\/?p=16468' title='Hist\u00f3ria das Ci\u00eancias na Amaz\u00f4nia'>Hist\u00f3ria das Ci\u00eancias na Amaz\u00f4nia<\/a><\/h3><span class=\"av-vertical-delimiter\"><\/span><\/header><div class='slide-meta'><time class='slide-meta-time updated'  itemprop=\"datePublished\" datetime=\"2016-07-13T13:08:09-04:00\" >13 de julho de 2016<\/time><\/div><div class='slide-entry-excerpt entry-content'  itemprop=\"text\" >\r\n\r\n\r\n\r\n\r\n\r\n<\/div><\/div><footer class=\"entry-footer\"><\/footer><span class='hidden'>\n\t\t\t\t<span class='av-structured-data'  itemprop=\"image\" itemscope=\"itemscope\" itemtype=\"https:\/\/schema.org\/ImageObject\" >\n\t\t\t\t\t\t<span itemprop='url'>https:\/\/amazonia.fiocruz.br\/wp-content\/uploads\/2024\/06\/Assinatura-conjunta-2024-ILMD-Fiocruz-SUS_branca-1.png<\/span>\n\t\t\t\t\t\t<span itemprop='height'>0<\/span>\n\t\t\t\t\t\t<span itemprop='width'>0<\/span>\n\t\t\t\t<\/span>\n\t\t\t\t<span class='av-structured-data'  itemprop=\"publisher\" itemtype=\"https:\/\/schema.org\/Organization\" itemscope=\"itemscope\" >\n\t\t\t\t\t\t<span itemprop='name'>Marlucia Almeida<\/span>\n\t\t\t\t\t\t<span itemprop='logo' itemscope itemtype='https:\/\/schema.org\/ImageObject'>\n\t\t\t\t\t\t\t<span itemprop='url'>https:\/\/amazonia.fiocruz.br\/wp-content\/uploads\/2024\/06\/Assinatura-conjunta-2024-ILMD-Fiocruz-SUS_branca-1.png<\/span>\n\t\t\t\t\t\t <\/span>\n\t\t\t\t<\/span><span class='av-structured-data'  itemprop=\"author\" itemscope=\"itemscope\" itemtype=\"https:\/\/schema.org\/Person\" ><span itemprop='name'>Marlucia Almeida<\/span><\/span><span class='av-structured-data'  itemprop=\"datePublished\" datetime=\"2016-07-15T14:53:39-04:00\" >2016-07-13 13:08:09<\/span><span class='av-structured-data'  itemprop=\"dateModified\" itemtype=\"https:\/\/schema.org\/dateModified\" >2017-02-22 17:47:00<\/span><span class='av-structured-data'  itemprop=\"mainEntityOfPage\" itemtype=\"https:\/\/schema.org\/mainEntityOfPage\" ><span itemprop='name'>Hist\u00f3ria das Ci\u00eancias na Amaz\u00f4nia<\/span><\/span><\/span><\/article><\/div><div class='slide-entry-wrap'><article class='slide-entry flex_column  post-entry post-entry-16464 slide-entry-overview slide-loop-4 slide-parity-odd  av_one_third first fake-thumbnail post-format-standard'  itemscope=\"itemscope\" itemtype=\"https:\/\/schema.org\/BlogPosting\" itemprop=\"blogPost\" ><a href='https:\/\/amazonia.fiocruz.br\/?p=16464' data-rel='slide-1' class='slide-image' title='Doen\u00e7as infecciosas na Amaz\u00f4nia, diagn\u00f3stico e controle.'><span class=' fallback-post-type-icon' aria-hidden='true' data-av_icon='\ue836' data-av_iconfont='entypo-fontello'><\/span><span class='slider-fallback-image'><\/span><\/a><div class='slide-content'><header class=\"entry-content-header\"><h3 class='slide-entry-title entry-title '  itemprop=\"headline\" ><a href='https:\/\/amazonia.fiocruz.br\/?p=16464' title='Doen\u00e7as infecciosas na Amaz\u00f4nia, diagn\u00f3stico e controle.'>Doen\u00e7as infecciosas na Amaz\u00f4nia, diagn\u00f3stico e controle.<\/a><\/h3><span class=\"av-vertical-delimiter\"><\/span><\/header><div class='slide-meta'><time class='slide-meta-time updated'  itemprop=\"datePublished\" datetime=\"2016-07-13T13:02:08-04:00\" >13 de julho de 2016<\/time><\/div><div class='slide-entry-excerpt entry-content'  itemprop=\"text\" >\r\n\r\n\r\n\r\n\r\n\r\n\r\n\r\n<\/div><\/div><footer class=\"entry-footer\"><\/footer><span class='hidden'>\n\t\t\t\t<span class='av-structured-data'  itemprop=\"image\" itemscope=\"itemscope\" itemtype=\"https:\/\/schema.org\/ImageObject\" >\n\t\t\t\t\t\t<span itemprop='url'>https:\/\/amazonia.fiocruz.br\/wp-content\/uploads\/2024\/06\/Assinatura-conjunta-2024-ILMD-Fiocruz-SUS_branca-1.png<\/span>\n\t\t\t\t\t\t<span itemprop='height'>0<\/span>\n\t\t\t\t\t\t<span itemprop='width'>0<\/span>\n\t\t\t\t<\/span>\n\t\t\t\t<span class='av-structured-data'  itemprop=\"publisher\" itemtype=\"https:\/\/schema.org\/Organization\" itemscope=\"itemscope\" >\n\t\t\t\t\t\t<span itemprop='name'>Marlucia Almeida<\/span>\n\t\t\t\t\t\t<span itemprop='logo' itemscope itemtype='https:\/\/schema.org\/ImageObject'>\n\t\t\t\t\t\t\t<span itemprop='url'>https:\/\/amazonia.fiocruz.br\/wp-content\/uploads\/2024\/06\/Assinatura-conjunta-2024-ILMD-Fiocruz-SUS_branca-1.png<\/span>\n\t\t\t\t\t\t <\/span>\n\t\t\t\t<\/span><span class='av-structured-data'  itemprop=\"author\" itemscope=\"itemscope\" itemtype=\"https:\/\/schema.org\/Person\" ><span itemprop='name'>Marlucia Almeida<\/span><\/span><span class='av-structured-data'  itemprop=\"datePublished\" datetime=\"2016-07-15T14:53:39-04:00\" >2016-07-13 13:02:08<\/span><span class='av-structured-data'  itemprop=\"dateModified\" itemtype=\"https:\/\/schema.org\/dateModified\" >2017-02-09 20:42:02<\/span><span class='av-structured-data'  itemprop=\"mainEntityOfPage\" itemtype=\"https:\/\/schema.org\/mainEntityOfPage\" ><span itemprop='name'>Doen\u00e7as infecciosas na Amaz\u00f4nia, diagn\u00f3stico e controle.<\/span><\/span><\/span><\/article><article class='slide-entry flex_column  post-entry post-entry-16460 slide-entry-overview slide-loop-5 slide-parity-even  av_one_third  fake-thumbnail post-format-standard'  itemscope=\"itemscope\" itemtype=\"https:\/\/schema.org\/BlogPosting\" itemprop=\"blogPost\" ><a href='https:\/\/amazonia.fiocruz.br\/?p=16460' data-rel='slide-1' class='slide-image' title='Ecologia de doen\u00e7as transmiss\u00edveis na Amaz\u00f4nia (EDTA).'><span class=' fallback-post-type-icon' aria-hidden='true' data-av_icon='\ue836' data-av_iconfont='entypo-fontello'><\/span><span class='slider-fallback-image'><\/span><\/a><div class='slide-content'><header class=\"entry-content-header\"><h3 class='slide-entry-title entry-title '  itemprop=\"headline\" ><a href='https:\/\/amazonia.fiocruz.br\/?p=16460' title='Ecologia de doen\u00e7as transmiss\u00edveis na Amaz\u00f4nia (EDTA).'>Ecologia de doen\u00e7as transmiss\u00edveis na Amaz\u00f4nia (EDTA).<\/a><\/h3><span class=\"av-vertical-delimiter\"><\/span><\/header><div class='slide-meta'><time class='slide-meta-time updated'  itemprop=\"datePublished\" datetime=\"2016-07-13T13:00:34-04:00\" >13 de julho de 2016<\/time><\/div><div class='slide-entry-excerpt entry-content'  itemprop=\"text\" >\r\n\r\n\r\n\r\n\r\n\r\n<\/div><\/div><footer class=\"entry-footer\"><\/footer><span class='hidden'>\n\t\t\t\t<span class='av-structured-data'  itemprop=\"image\" itemscope=\"itemscope\" itemtype=\"https:\/\/schema.org\/ImageObject\" >\n\t\t\t\t\t\t<span itemprop='url'>https:\/\/amazonia.fiocruz.br\/wp-content\/uploads\/2024\/06\/Assinatura-conjunta-2024-ILMD-Fiocruz-SUS_branca-1.png<\/span>\n\t\t\t\t\t\t<span itemprop='height'>0<\/span>\n\t\t\t\t\t\t<span itemprop='width'>0<\/span>\n\t\t\t\t<\/span>\n\t\t\t\t<span class='av-structured-data'  itemprop=\"publisher\" itemtype=\"https:\/\/schema.org\/Organization\" itemscope=\"itemscope\" >\n\t\t\t\t\t\t<span itemprop='name'>Marlucia Almeida<\/span>\n\t\t\t\t\t\t<span itemprop='logo' itemscope itemtype='https:\/\/schema.org\/ImageObject'>\n\t\t\t\t\t\t\t<span itemprop='url'>https:\/\/amazonia.fiocruz.br\/wp-content\/uploads\/2024\/06\/Assinatura-conjunta-2024-ILMD-Fiocruz-SUS_branca-1.png<\/span>\n\t\t\t\t\t\t <\/span>\n\t\t\t\t<\/span><span class='av-structured-data'  itemprop=\"author\" itemscope=\"itemscope\" itemtype=\"https:\/\/schema.org\/Person\" ><span itemprop='name'>Marlucia Almeida<\/span><\/span><span class='av-structured-data'  itemprop=\"datePublished\" datetime=\"2016-07-15T14:53:39-04:00\" >2016-07-13 13:00:34<\/span><span class='av-structured-data'  itemprop=\"dateModified\" itemtype=\"https:\/\/schema.org\/dateModified\" >2017-02-09 20:51:14<\/span><span class='av-structured-data'  itemprop=\"mainEntityOfPage\" itemtype=\"https:\/\/schema.org\/mainEntityOfPage\" ><span itemprop='name'>Ecologia de doen\u00e7as transmiss\u00edveis na Amaz\u00f4nia (EDTA).<\/span><\/span><\/span><\/article><article class='slide-entry flex_column  post-entry post-entry-16453 slide-entry-overview slide-loop-6 slide-parity-odd  post-entry-last  av_one_third  fake-thumbnail post-format-standard'  itemscope=\"itemscope\" itemtype=\"https:\/\/schema.org\/BlogPosting\" itemprop=\"blogPost\" ><a href='https:\/\/amazonia.fiocruz.br\/?p=16453' data-rel='slide-1' class='slide-image' title='Sa\u00fade ind\u00edgena: condi\u00e7\u00f5es de vida, vulnerabilidade e agravos em povos amaz\u00f4nicos.'><span class=' fallback-post-type-icon' aria-hidden='true' data-av_icon='\ue836' data-av_iconfont='entypo-fontello'><\/span><span class='slider-fallback-image'><\/span><\/a><div class='slide-content'><header class=\"entry-content-header\"><h3 class='slide-entry-title entry-title '  itemprop=\"headline\" ><a href='https:\/\/amazonia.fiocruz.br\/?p=16453' title='Sa\u00fade ind\u00edgena: condi\u00e7\u00f5es de vida, vulnerabilidade e agravos em povos amaz\u00f4nicos.'>Sa\u00fade ind\u00edgena: condi\u00e7\u00f5es de vida, vulnerabilidade e agravos em povos amaz\u00f4nicos.<\/a><\/h3><span class=\"av-vertical-delimiter\"><\/span><\/header><div class='slide-meta'><time class='slide-meta-time updated'  itemprop=\"datePublished\" datetime=\"2016-07-13T12:48:02-04:00\" >13 de julho de 2016<\/time><\/div><div class='slide-entry-excerpt entry-content'  itemprop=\"text\" >\r\n\r\n\r\n\r\n<\/div><\/div><footer class=\"entry-footer\"><\/footer><span class='hidden'>\n\t\t\t\t<span class='av-structured-data'  itemprop=\"image\" itemscope=\"itemscope\" itemtype=\"https:\/\/schema.org\/ImageObject\" >\n\t\t\t\t\t\t<span itemprop='url'>https:\/\/amazonia.fiocruz.br\/wp-content\/uploads\/2024\/06\/Assinatura-conjunta-2024-ILMD-Fiocruz-SUS_branca-1.png<\/span>\n\t\t\t\t\t\t<span itemprop='height'>0<\/span>\n\t\t\t\t\t\t<span itemprop='width'>0<\/span>\n\t\t\t\t<\/span>\n\t\t\t\t<span class='av-structured-data'  itemprop=\"publisher\" itemtype=\"https:\/\/schema.org\/Organization\" itemscope=\"itemscope\" >\n\t\t\t\t\t\t<span itemprop='name'>Marlucia Almeida<\/span>\n\t\t\t\t\t\t<span itemprop='logo' itemscope itemtype='https:\/\/schema.org\/ImageObject'>\n\t\t\t\t\t\t\t<span itemprop='url'>https:\/\/amazonia.fiocruz.br\/wp-content\/uploads\/2024\/06\/Assinatura-conjunta-2024-ILMD-Fiocruz-SUS_branca-1.png<\/span>\n\t\t\t\t\t\t <\/span>\n\t\t\t\t<\/span><span class='av-structured-data'  itemprop=\"author\" itemscope=\"itemscope\" itemtype=\"https:\/\/schema.org\/Person\" ><span itemprop='name'>Marlucia Almeida<\/span><\/span><span class='av-structured-data'  itemprop=\"datePublished\" datetime=\"2016-07-15T14:53:39-04:00\" >2016-07-13 12:48:02<\/span><span class='av-structured-data'  itemprop=\"dateModified\" itemtype=\"https:\/\/schema.org\/dateModified\" >2017-02-09 20:55:50<\/span><span class='av-structured-data'  itemprop=\"mainEntityOfPage\" itemtype=\"https:\/\/schema.org\/mainEntityOfPage\" ><span itemprop='name'>Sa\u00fade ind\u00edgena: condi\u00e7\u00f5es de vida, vulnerabilidade e agravos em povos amaz\u00f4nicos.<\/span><\/span><\/span><\/article><\/div><\/div><\/div>\n<\/div><\/div><\/div><!-- close content main div --><\/div><\/div><div id='after_section_5'  class='main_color av_default_container_wrap container_wrap sidebar_right' style=' '  ><div class='container' ><div class='template-page content  av-content-small alpha units'><div class='post-entry post-entry-type-page post-entry-16508'><div class='entry-content-wrapper clearfix'><\/p>\n","protected":false},"excerpt":{"rendered":"","protected":false},"author":26,"featured_media":0,"comment_status":"open","ping_status":"open","sticky":false,"template":"","format":"standard","meta":{"footnotes":""},"categories":[110],"tags":[],"class_list":["post-16508","post","type-post","status-publish","format-standard","hentry","category-grupo-de-pesquisa"],"_links":{"self":[{"href":"https:\/\/amazonia.fiocruz.br\/index.php?rest_route=\/wp\/v2\/posts\/16508","targetHints":{"allow":["GET"]}}],"collection":[{"href":"https:\/\/amazonia.fiocruz.br\/index.php?rest_route=\/wp\/v2\/posts"}],"about":[{"href":"https:\/\/amazonia.fiocruz.br\/index.php?rest_route=\/wp\/v2\/types\/post"}],"author":[{"embeddable":true,"href":"https:\/\/amazonia.fiocruz.br\/index.php?rest_route=\/wp\/v2\/users\/26"}],"replies":[{"embeddable":true,"href":"https:\/\/amazonia.fiocruz.br\/index.php?rest_route=%2Fwp%2Fv2%2Fcomments&post=16508"}],"version-history":[{"count":14,"href":"https:\/\/amazonia.fiocruz.br\/index.php?rest_route=\/wp\/v2\/posts\/16508\/revisions"}],"predecessor-version":[{"id":18096,"href":"https:\/\/amazonia.fiocruz.br\/index.php?rest_route=\/wp\/v2\/posts\/16508\/revisions\/18096"}],"wp:attachment":[{"href":"https:\/\/amazonia.fiocruz.br\/index.php?rest_route=%2Fwp%2Fv2%2Fmedia&parent=16508"}],"wp:term":[{"taxonomy":"category","embeddable":true,"href":"https:\/\/amazonia.fiocruz.br\/index.php?rest_route=%2Fwp%2Fv2%2Fcategories&post=16508"},{"taxonomy":"post_tag","embeddable":true,"href":"https:\/\/amazonia.fiocruz.br\/index.php?rest_route=%2Fwp%2Fv2%2Ftags&post=16508"}],"curies":[{"name":"wp","href":"https:\/\/api.w.org\/{rel}","templated":true}]}}