{"id":15843,"date":"2016-06-28T17:45:35","date_gmt":"2016-06-28T17:45:35","guid":{"rendered":"https:\/\/192.168.240.20\/?p=15843"},"modified":"2025-05-20T15:51:19","modified_gmt":"2025-05-20T19:51:19","slug":"template_redes_de_pesquisa-2","status":"publish","type":"post","link":"https:\/\/amazonia.fiocruz.br\/?p=15843","title":{"rendered":"template_redes_de_pesquisa"},"content":{"rendered":"<div id='av_section_1'  class='avia-section main_color avia-section-default avia-no-shadow  avia-full-stretch avia-bg-style-scroll  avia-builder-el-0  el_before_av_section  avia-builder-el-first   av-minimum-height av-minimum-height-50  container_wrap sidebar_right' style='background-repeat: no-repeat; background-image: url(https:\/\/amazonia.fiocruz.br\/wp-content\/uploads\/2016\/06\/IMG_0451-1-1500x377_2.jpg);background-attachment: scroll; background-position: top left;  '  data-section-bg-repeat='stretch' data-av_minimum_height_pc='50'><div class='container' ><main  role=\"main\" itemprop=\"mainContentOfPage\"  class='template-page content  av-content-small alpha units'><div class='post-entry post-entry-type-page post-entry-15843'><div class='entry-content-wrapper clearfix'>\n<div class=\"flex_column av_two_fifth  flex_column_div av-zero-column-padding first  avia-builder-el-1  avia-builder-el-no-sibling  \" style='border-radius:0px; '><div  style='padding-bottom:10px; color:#ffffff;font-size:30px;' class='av-special-heading av-special-heading-h3 custom-color-heading blockquote modern-quote  avia-builder-el-2  avia-builder-el-no-sibling  av-inherit-size '><h3 class='av-special-heading-tag '  itemprop=\"headline\"  >REDES DE PESQUISA<\/h3><div class='special-heading-border'><div class='special-heading-inner-border' style='border-color:#ffffff'><\/div><\/div><\/div><\/div>\n\n<\/div><\/div><\/main><!-- close content main element --><\/div><\/div><div id='av_section_2'  class='avia-section main_color avia-section-default avia-no-border-styling  avia-bg-style-scroll  avia-builder-el-3  el_after_av_section  avia-builder-el-last   container_wrap sidebar_right' style=' '  ><div class='container' ><div class='template-page content  av-content-small alpha units'><div class='post-entry post-entry-type-page post-entry-15843'><div class='entry-content-wrapper clearfix'>\n<div class=\"flex_column av_one_fourth  flex_column_div av-zero-column-padding first  avia-builder-el-4  el_before_av_one_half  avia-builder-el-first  \" style='border-radius:0px; '><\/div><div class=\"flex_column av_one_half  flex_column_div av-zero-column-padding   avia-builder-el-5  el_after_av_one_fourth  el_before_av_one_fourth  \" style='border-radius:0px; '><div  style='padding-bottom:10px; font-size:50px;' class='av-special-heading av-special-heading-h5  blockquote modern-quote modern-centered  avia-builder-el-6  avia-builder-el-no-sibling  av-thin-font av-inherit-size '><div class ='av-subheading av-subheading_above  ' style='font-size:17px;'><p><center>Pesquisadores do ILMD atuam de forma articulada e conjunta com outras institui\u00e7\u00f5es de ensino e pesquisa nacionais e internacionais, outras unidades da Fiocruz, \u00f3rg\u00e3os de governo e organiza\u00e7\u00f5es n\u00e3o governamentais.<\/center><\/p>\n<\/div><h5 class='av-special-heading-tag '  itemprop=\"headline\"  ><strong><\/strong><\/h5><div class='special-heading-border'><div class='special-heading-inner-border' ><\/div><\/div><\/div><\/div><div class=\"flex_column av_one_fourth  flex_column_div av-zero-column-padding   avia-builder-el-7  el_after_av_one_half  el_before_av_one_fifth  \" style='border-radius:0px; '><\/div><div class=\"flex_column av_one_fifth  flex_column_div av-zero-column-padding first  avia-builder-el-8  el_after_av_one_fourth  el_before_av_three_fifth  column-top-margin\" style='border-radius:0px; '><\/div><div class=\"flex_column av_three_fifth  flex_column_div av-zero-column-padding   avia-builder-el-9  el_after_av_one_fifth  el_before_av_one_fifth  column-top-margin\" style='border-radius:0px; '><div  style='padding-bottom:10px; font-size:50px;' class='av-special-heading av-special-heading-h3  blockquote modern-quote modern-centered  avia-builder-el-10  avia-builder-el-no-sibling  av-thin-font av-inherit-size '><h3 class='av-special-heading-tag '  itemprop=\"headline\"  ><strong>Redes de Pesquisa<\/strong><\/h3><div class='special-heading-border'><div class='special-heading-inner-border' ><\/div><\/div><\/div><\/div><div class=\"flex_column av_one_fifth  flex_column_div av-zero-column-padding   avia-builder-el-11  el_after_av_three_fifth  el_before_av_hr  column-top-margin\" style='border-radius:0px; '><\/div><div  style='height:30px' class='hr hr-invisible   avia-builder-el-12  el_after_av_one_fifth  el_before_av_blog '><span class='hr-inner ' ><span class='hr-inner-style'><\/span><\/span><\/div>\n<div   data-autoplay=''  data-interval='5'  data-animation='fade'  data-show_slide_delay='90'  class='avia-content-slider avia-content-grid-active avia-content-slider1 avia-content-slider-even  avia-builder-el-13  el_after_av_hr  avia-builder-el-last  '  itemscope=\"itemscope\" itemtype=\"https:\/\/schema.org\/Blog\" ><div class='avia-content-slider-inner'><div class='slide-entry-wrap'><article class='slide-entry flex_column  post-entry post-entry-16603 slide-entry-overview slide-loop-1 slide-parity-odd  av_one_fourth first real-thumbnail post-format-standard'  itemscope=\"itemscope\" itemtype=\"https:\/\/schema.org\/BlogPosting\" itemprop=\"blogPost\" ><a href='https:\/\/amazonia.fiocruz.br\/?p=16603' data-rel='slide-1' class='slide-image' title='Sa\u00fade e condi\u00e7\u00f5es de vida de povos Ind\u00edgenas na Amaz\u00f4nia &#8211; Pronex'><img decoding=\"async\" width=\"260\" height=\"185\" src=\"https:\/\/amazonia.fiocruz.br\/wp-content\/uploads\/2016\/07\/povos-1_2-260x185.png\" class=\"wp-image-54510 avia-img-lazy-loading-not-54510 attachment-portfolio_small size-portfolio_small wp-post-image\" alt=\"\" \/><\/a><div class='slide-content'><header class=\"entry-content-header\"><h3 class='slide-entry-title entry-title '  itemprop=\"headline\" ><a href='https:\/\/amazonia.fiocruz.br\/?p=16603' title='Sa\u00fade e condi\u00e7\u00f5es de vida de povos Ind\u00edgenas na Amaz\u00f4nia &#8211; Pronex'>Sa\u00fade e condi\u00e7\u00f5es de vida de povos Ind\u00edgenas na Amaz\u00f4nia &#8211; Pronex<\/a><\/h3><span class=\"av-vertical-delimiter\"><\/span><\/header><div class='slide-meta'><time class='slide-meta-time updated'  itemprop=\"datePublished\" datetime=\"2016-07-19T14:34:08-04:00\" >19 de julho de 2016<\/time><\/div><div class='slide-entry-excerpt entry-content'  itemprop=\"text\" >\r\n\r\n\r\n\r\n<\/div><\/div><footer class=\"entry-footer\"><\/footer><span class='hidden'>\n\t\t\t\t<span class='av-structured-data'  itemprop=\"image\" itemscope=\"itemscope\" itemtype=\"https:\/\/schema.org\/ImageObject\" >\n\t\t\t\t\t\t<span itemprop='url'>https:\/\/amazonia.fiocruz.br\/wp-content\/uploads\/2016\/07\/povos-1_2.png<\/span>\n\t\t\t\t\t\t<span itemprop='height'>476<\/span>\n\t\t\t\t\t\t<span itemprop='width'>645<\/span>\n\t\t\t\t<\/span>\n\t\t\t\t<span class='av-structured-data'  itemprop=\"publisher\" itemtype=\"https:\/\/schema.org\/Organization\" itemscope=\"itemscope\" >\n\t\t\t\t\t\t<span itemprop='name'>Marlucia Almeida<\/span>\n\t\t\t\t\t\t<span itemprop='logo' itemscope itemtype='https:\/\/schema.org\/ImageObject'>\n\t\t\t\t\t\t\t<span itemprop='url'>https:\/\/amazonia.fiocruz.br\/wp-content\/uploads\/2024\/06\/Assinatura-conjunta-2024-ILMD-Fiocruz-SUS_branca-1.png<\/span>\n\t\t\t\t\t\t <\/span>\n\t\t\t\t<\/span><span class='av-structured-data'  itemprop=\"author\" itemscope=\"itemscope\" itemtype=\"https:\/\/schema.org\/Person\" ><span itemprop='name'>Marlucia Almeida<\/span><\/span><span class='av-structured-data'  itemprop=\"datePublished\" datetime=\"2016-06-28T17:45:35-04:00\" >2016-07-19 14:34:08<\/span><span class='av-structured-data'  itemprop=\"dateModified\" itemtype=\"https:\/\/schema.org\/dateModified\" >2025-05-20 16:28:18<\/span><span class='av-structured-data'  itemprop=\"mainEntityOfPage\" itemtype=\"https:\/\/schema.org\/mainEntityOfPage\" ><span itemprop='name'>Sa\u00fade e condi\u00e7\u00f5es de vida de povos Ind\u00edgenas na Amaz\u00f4nia &#8211; Pronex<\/span><\/span><\/span><\/article><article class='slide-entry flex_column  post-entry post-entry-16600 slide-entry-overview slide-loop-2 slide-parity-even  av_one_fourth  real-thumbnail post-format-standard'  itemscope=\"itemscope\" itemtype=\"https:\/\/schema.org\/BlogPosting\" itemprop=\"blogPost\" ><a href='https:\/\/amazonia.fiocruz.br\/?p=16600' data-rel='slide-1' class='slide-image' title='Rede Amaz\u00f4nica de Pesquisa e Desenvolvimento de Biocosm\u00e9ticos &#8211; RedeBio'><img decoding=\"async\" width=\"260\" height=\"185\" src=\"https:\/\/amazonia.fiocruz.br\/wp-content\/uploads\/2016\/07\/redebio-1_2-260x185.png\" class=\"wp-image-54511 avia-img-lazy-loading-not-54511 attachment-portfolio_small size-portfolio_small wp-post-image\" alt=\"\" \/><\/a><div class='slide-content'><header class=\"entry-content-header\"><h3 class='slide-entry-title entry-title '  itemprop=\"headline\" ><a href='https:\/\/amazonia.fiocruz.br\/?p=16600' title='Rede Amaz\u00f4nica de Pesquisa e Desenvolvimento de Biocosm\u00e9ticos &#8211; RedeBio'>Rede Amaz\u00f4nica de Pesquisa e Desenvolvimento de Biocosm\u00e9ticos &#8211; RedeBio<\/a><\/h3><span class=\"av-vertical-delimiter\"><\/span><\/header><div class='slide-meta'><time class='slide-meta-time updated'  itemprop=\"datePublished\" datetime=\"2016-07-19T14:14:05-04:00\" >19 de julho de 2016<\/time><\/div><div class='slide-entry-excerpt entry-content'  itemprop=\"text\" >\r\n\r\n\r\n\r\n<\/div><\/div><footer class=\"entry-footer\"><\/footer><span class='hidden'>\n\t\t\t\t<span class='av-structured-data'  itemprop=\"image\" itemscope=\"itemscope\" itemtype=\"https:\/\/schema.org\/ImageObject\" >\n\t\t\t\t\t\t<span itemprop='url'>https:\/\/amazonia.fiocruz.br\/wp-content\/uploads\/2016\/07\/redebio-1_2.png<\/span>\n\t\t\t\t\t\t<span itemprop='height'>476<\/span>\n\t\t\t\t\t\t<span itemprop='width'>645<\/span>\n\t\t\t\t<\/span>\n\t\t\t\t<span class='av-structured-data'  itemprop=\"publisher\" itemtype=\"https:\/\/schema.org\/Organization\" itemscope=\"itemscope\" >\n\t\t\t\t\t\t<span itemprop='name'>Marlucia Almeida<\/span>\n\t\t\t\t\t\t<span itemprop='logo' itemscope itemtype='https:\/\/schema.org\/ImageObject'>\n\t\t\t\t\t\t\t<span itemprop='url'>https:\/\/amazonia.fiocruz.br\/wp-content\/uploads\/2024\/06\/Assinatura-conjunta-2024-ILMD-Fiocruz-SUS_branca-1.png<\/span>\n\t\t\t\t\t\t <\/span>\n\t\t\t\t<\/span><span class='av-structured-data'  itemprop=\"author\" itemscope=\"itemscope\" itemtype=\"https:\/\/schema.org\/Person\" ><span itemprop='name'>Marlucia Almeida<\/span><\/span><span class='av-structured-data'  itemprop=\"datePublished\" datetime=\"2016-06-28T17:45:35-04:00\" >2016-07-19 14:14:05<\/span><span class='av-structured-data'  itemprop=\"dateModified\" itemtype=\"https:\/\/schema.org\/dateModified\" >2025-05-20 16:29:16<\/span><span class='av-structured-data'  itemprop=\"mainEntityOfPage\" itemtype=\"https:\/\/schema.org\/mainEntityOfPage\" ><span itemprop='name'>Rede Amaz\u00f4nica de Pesquisa e Desenvolvimento de Biocosm\u00e9ticos &#8211; RedeBio<\/span><\/span><\/span><\/article><article class='slide-entry flex_column  post-entry post-entry-16597 slide-entry-overview slide-loop-3 slide-parity-odd  av_one_fourth  real-thumbnail post-format-standard'  itemscope=\"itemscope\" itemtype=\"https:\/\/schema.org\/BlogPosting\" itemprop=\"blogPost\" ><a href='https:\/\/amazonia.fiocruz.br\/?p=16597' data-rel='slide-1' class='slide-image' title='Rede Prote\u00f4mica do Amazonas &#8211; RPA'><img decoding=\"async\" width=\"260\" height=\"185\" src=\"https:\/\/amazonia.fiocruz.br\/wp-content\/uploads\/2016\/07\/proteomica1_2-260x185.png\" class=\"wp-image-54512 avia-img-lazy-loading-not-54512 attachment-portfolio_small size-portfolio_small wp-post-image\" alt=\"\" \/><\/a><div class='slide-content'><header class=\"entry-content-header\"><h3 class='slide-entry-title entry-title '  itemprop=\"headline\" ><a href='https:\/\/amazonia.fiocruz.br\/?p=16597' title='Rede Prote\u00f4mica do Amazonas &#8211; RPA'>Rede Prote\u00f4mica do Amazonas &#8211; RPA<\/a><\/h3><span class=\"av-vertical-delimiter\"><\/span><\/header><div class='slide-meta'><time class='slide-meta-time updated'  itemprop=\"datePublished\" datetime=\"2016-07-19T14:00:09-04:00\" >19 de julho de 2016<\/time><\/div><div class='slide-entry-excerpt entry-content'  itemprop=\"text\" >\r\n\r\n\r\n\r\n<\/div><\/div><footer class=\"entry-footer\"><\/footer><span class='hidden'>\n\t\t\t\t<span class='av-structured-data'  itemprop=\"image\" itemscope=\"itemscope\" itemtype=\"https:\/\/schema.org\/ImageObject\" >\n\t\t\t\t\t\t<span itemprop='url'>https:\/\/amazonia.fiocruz.br\/wp-content\/uploads\/2016\/07\/proteomica1_2.png<\/span>\n\t\t\t\t\t\t<span itemprop='height'>476<\/span>\n\t\t\t\t\t\t<span itemprop='width'>645<\/span>\n\t\t\t\t<\/span>\n\t\t\t\t<span class='av-structured-data'  itemprop=\"publisher\" itemtype=\"https:\/\/schema.org\/Organization\" itemscope=\"itemscope\" >\n\t\t\t\t\t\t<span itemprop='name'>Marlucia Almeida<\/span>\n\t\t\t\t\t\t<span itemprop='logo' itemscope itemtype='https:\/\/schema.org\/ImageObject'>\n\t\t\t\t\t\t\t<span itemprop='url'>https:\/\/amazonia.fiocruz.br\/wp-content\/uploads\/2024\/06\/Assinatura-conjunta-2024-ILMD-Fiocruz-SUS_branca-1.png<\/span>\n\t\t\t\t\t\t <\/span>\n\t\t\t\t<\/span><span class='av-structured-data'  itemprop=\"author\" itemscope=\"itemscope\" itemtype=\"https:\/\/schema.org\/Person\" ><span itemprop='name'>Marlucia Almeida<\/span><\/span><span class='av-structured-data'  itemprop=\"datePublished\" datetime=\"2016-06-28T17:45:35-04:00\" >2016-07-19 14:00:09<\/span><span class='av-structured-data'  itemprop=\"dateModified\" itemtype=\"https:\/\/schema.org\/dateModified\" >2025-05-20 16:30:23<\/span><span class='av-structured-data'  itemprop=\"mainEntityOfPage\" itemtype=\"https:\/\/schema.org\/mainEntityOfPage\" ><span itemprop='name'>Rede Prote\u00f4mica do Amazonas &#8211; RPA<\/span><\/span><\/span><\/article><article class='slide-entry flex_column  post-entry post-entry-16594 slide-entry-overview slide-loop-4 slide-parity-even  av_one_fourth  real-thumbnail post-format-standard'  itemscope=\"itemscope\" itemtype=\"https:\/\/schema.org\/BlogPosting\" itemprop=\"blogPost\" ><a href='https:\/\/amazonia.fiocruz.br\/?p=16594' data-rel='slide-1' class='slide-image' title='Rede Biodiversidade e Biotecnologia da Amaz\u00f4nia Legal &#8211; Bionorte'><img decoding=\"async\" width=\"260\" height=\"185\" src=\"https:\/\/amazonia.fiocruz.br\/wp-content\/uploads\/2016\/07\/biotec_2-260x185.png\" class=\"wp-image-54513 avia-img-lazy-loading-not-54513 attachment-portfolio_small size-portfolio_small wp-post-image\" alt=\"\" \/><\/a><div class='slide-content'><header class=\"entry-content-header\"><h3 class='slide-entry-title entry-title '  itemprop=\"headline\" ><a href='https:\/\/amazonia.fiocruz.br\/?p=16594' title='Rede Biodiversidade e Biotecnologia da Amaz\u00f4nia Legal &#8211; Bionorte'>Rede Biodiversidade e Biotecnologia da Amaz\u00f4nia Legal &#8211; Bionorte<\/a><\/h3><span class=\"av-vertical-delimiter\"><\/span><\/header><div class='slide-meta'><time class='slide-meta-time updated'  itemprop=\"datePublished\" datetime=\"2016-07-19T13:37:37-04:00\" >19 de julho de 2016<\/time><\/div><div class='slide-entry-excerpt entry-content'  itemprop=\"text\" >\r\n\r\n\r\n\r\n<\/div><\/div><footer class=\"entry-footer\"><\/footer><span class='hidden'>\n\t\t\t\t<span class='av-structured-data'  itemprop=\"image\" itemscope=\"itemscope\" itemtype=\"https:\/\/schema.org\/ImageObject\" >\n\t\t\t\t\t\t<span itemprop='url'>https:\/\/amazonia.fiocruz.br\/wp-content\/uploads\/2016\/07\/biotec_2.png<\/span>\n\t\t\t\t\t\t<span itemprop='height'>476<\/span>\n\t\t\t\t\t\t<span itemprop='width'>645<\/span>\n\t\t\t\t<\/span>\n\t\t\t\t<span class='av-structured-data'  itemprop=\"publisher\" itemtype=\"https:\/\/schema.org\/Organization\" itemscope=\"itemscope\" >\n\t\t\t\t\t\t<span itemprop='name'>Marlucia Almeida<\/span>\n\t\t\t\t\t\t<span itemprop='logo' itemscope itemtype='https:\/\/schema.org\/ImageObject'>\n\t\t\t\t\t\t\t<span itemprop='url'>https:\/\/amazonia.fiocruz.br\/wp-content\/uploads\/2024\/06\/Assinatura-conjunta-2024-ILMD-Fiocruz-SUS_branca-1.png<\/span>\n\t\t\t\t\t\t <\/span>\n\t\t\t\t<\/span><span class='av-structured-data'  itemprop=\"author\" itemscope=\"itemscope\" itemtype=\"https:\/\/schema.org\/Person\" ><span itemprop='name'>Marlucia Almeida<\/span><\/span><span class='av-structured-data'  itemprop=\"datePublished\" datetime=\"2016-06-28T17:45:35-04:00\" >2016-07-19 13:37:37<\/span><span class='av-structured-data'  itemprop=\"dateModified\" itemtype=\"https:\/\/schema.org\/dateModified\" >2025-05-20 16:31:46<\/span><span class='av-structured-data'  itemprop=\"mainEntityOfPage\" itemtype=\"https:\/\/schema.org\/mainEntityOfPage\" ><span itemprop='name'>Rede Biodiversidade e Biotecnologia da Amaz\u00f4nia Legal &#8211; Bionorte<\/span><\/span><\/span><\/article><\/div><div class='slide-entry-wrap'><article class='slide-entry flex_column  post-entry post-entry-16590 slide-entry-overview slide-loop-5 slide-parity-odd  av_one_fourth first real-thumbnail post-format-standard'  itemscope=\"itemscope\" itemtype=\"https:\/\/schema.org\/BlogPosting\" itemprop=\"blogPost\" ><a href='https:\/\/amazonia.fiocruz.br\/?p=16590' data-rel='slide-1' class='slide-image' title='Rede de Pesquisa em Dengue'><img decoding=\"async\" width=\"260\" height=\"185\" src=\"https:\/\/amazonia.fiocruz.br\/wp-content\/uploads\/2016\/07\/pesquisadengue_2-260x185.png\" class=\"wp-image-54514 avia-img-lazy-loading-not-54514 attachment-portfolio_small size-portfolio_small wp-post-image\" alt=\"\" \/><\/a><div class='slide-content'><header class=\"entry-content-header\"><h3 class='slide-entry-title entry-title '  itemprop=\"headline\" ><a href='https:\/\/amazonia.fiocruz.br\/?p=16590' title='Rede de Pesquisa em Dengue'>Rede de Pesquisa em Dengue<\/a><\/h3><span class=\"av-vertical-delimiter\"><\/span><\/header><div class='slide-meta'><time class='slide-meta-time updated'  itemprop=\"datePublished\" datetime=\"2016-07-19T13:21:45-04:00\" >19 de julho de 2016<\/time><\/div><div class='slide-entry-excerpt entry-content'  itemprop=\"text\" >\r\n\r\n\r\n\r\n<\/div><\/div><footer class=\"entry-footer\"><\/footer><span class='hidden'>\n\t\t\t\t<span class='av-structured-data'  itemprop=\"image\" itemscope=\"itemscope\" itemtype=\"https:\/\/schema.org\/ImageObject\" >\n\t\t\t\t\t\t<span itemprop='url'>https:\/\/amazonia.fiocruz.br\/wp-content\/uploads\/2016\/07\/pesquisadengue_2.png<\/span>\n\t\t\t\t\t\t<span itemprop='height'>476<\/span>\n\t\t\t\t\t\t<span itemprop='width'>645<\/span>\n\t\t\t\t<\/span>\n\t\t\t\t<span class='av-structured-data'  itemprop=\"publisher\" itemtype=\"https:\/\/schema.org\/Organization\" itemscope=\"itemscope\" >\n\t\t\t\t\t\t<span itemprop='name'>Marlucia Almeida<\/span>\n\t\t\t\t\t\t<span itemprop='logo' itemscope itemtype='https:\/\/schema.org\/ImageObject'>\n\t\t\t\t\t\t\t<span itemprop='url'>https:\/\/amazonia.fiocruz.br\/wp-content\/uploads\/2024\/06\/Assinatura-conjunta-2024-ILMD-Fiocruz-SUS_branca-1.png<\/span>\n\t\t\t\t\t\t <\/span>\n\t\t\t\t<\/span><span class='av-structured-data'  itemprop=\"author\" itemscope=\"itemscope\" itemtype=\"https:\/\/schema.org\/Person\" ><span itemprop='name'>Marlucia Almeida<\/span><\/span><span class='av-structured-data'  itemprop=\"datePublished\" datetime=\"2016-06-28T17:45:35-04:00\" >2016-07-19 13:21:45<\/span><span class='av-structured-data'  itemprop=\"dateModified\" itemtype=\"https:\/\/schema.org\/dateModified\" >2025-05-20 16:32:32<\/span><span class='av-structured-data'  itemprop=\"mainEntityOfPage\" itemtype=\"https:\/\/schema.org\/mainEntityOfPage\" ><span itemprop='name'>Rede de Pesquisa em Dengue<\/span><\/span><\/span><\/article><article class='slide-entry flex_column  post-entry post-entry-16585 slide-entry-overview slide-loop-6 slide-parity-even  av_one_fourth  real-thumbnail post-format-standard'  itemscope=\"itemscope\" itemtype=\"https:\/\/schema.org\/BlogPosting\" itemprop=\"blogPost\" ><a href='https:\/\/amazonia.fiocruz.br\/?p=16585' data-rel='slide-1' class='slide-image' title='Rede de Pesquisa em Mal\u00e1ria'><img decoding=\"async\" width=\"260\" height=\"185\" src=\"https:\/\/amazonia.fiocruz.br\/wp-content\/uploads\/2016\/07\/malaria-1_2-260x185.png\" class=\"wp-image-54515 avia-img-lazy-loading-not-54515 attachment-portfolio_small size-portfolio_small wp-post-image\" alt=\"\" \/><\/a><div class='slide-content'><header class=\"entry-content-header\"><h3 class='slide-entry-title entry-title '  itemprop=\"headline\" ><a href='https:\/\/amazonia.fiocruz.br\/?p=16585' title='Rede de Pesquisa em Mal\u00e1ria'>Rede de Pesquisa em Mal\u00e1ria<\/a><\/h3><span class=\"av-vertical-delimiter\"><\/span><\/header><div class='slide-meta'><time class='slide-meta-time updated'  itemprop=\"datePublished\" datetime=\"2016-07-19T12:54:14-04:00\" >19 de julho de 2016<\/time><\/div><div class='slide-entry-excerpt entry-content'  itemprop=\"text\" >\r\n\r\n\r\n\r\n<\/div><\/div><footer class=\"entry-footer\"><\/footer><span class='hidden'>\n\t\t\t\t<span class='av-structured-data'  itemprop=\"image\" itemscope=\"itemscope\" itemtype=\"https:\/\/schema.org\/ImageObject\" >\n\t\t\t\t\t\t<span itemprop='url'>https:\/\/amazonia.fiocruz.br\/wp-content\/uploads\/2016\/07\/malaria-1_2.png<\/span>\n\t\t\t\t\t\t<span itemprop='height'>476<\/span>\n\t\t\t\t\t\t<span itemprop='width'>645<\/span>\n\t\t\t\t<\/span>\n\t\t\t\t<span class='av-structured-data'  itemprop=\"publisher\" itemtype=\"https:\/\/schema.org\/Organization\" itemscope=\"itemscope\" >\n\t\t\t\t\t\t<span itemprop='name'>Marlucia Almeida<\/span>\n\t\t\t\t\t\t<span itemprop='logo' itemscope itemtype='https:\/\/schema.org\/ImageObject'>\n\t\t\t\t\t\t\t<span itemprop='url'>https:\/\/amazonia.fiocruz.br\/wp-content\/uploads\/2024\/06\/Assinatura-conjunta-2024-ILMD-Fiocruz-SUS_branca-1.png<\/span>\n\t\t\t\t\t\t <\/span>\n\t\t\t\t<\/span><span class='av-structured-data'  itemprop=\"author\" itemscope=\"itemscope\" itemtype=\"https:\/\/schema.org\/Person\" ><span itemprop='name'>Marlucia Almeida<\/span><\/span><span class='av-structured-data'  itemprop=\"datePublished\" datetime=\"2016-06-28T17:45:35-04:00\" >2016-07-19 12:54:14<\/span><span class='av-structured-data'  itemprop=\"dateModified\" itemtype=\"https:\/\/schema.org\/dateModified\" >2025-05-20 16:35:03<\/span><span class='av-structured-data'  itemprop=\"mainEntityOfPage\" itemtype=\"https:\/\/schema.org\/mainEntityOfPage\" ><span itemprop='name'>Rede de Pesquisa em Mal\u00e1ria<\/span><\/span><\/span><\/article><article class='slide-entry flex_column  post-entry post-entry-16578 slide-entry-overview slide-loop-7 slide-parity-odd  av_one_fourth  real-thumbnail post-format-standard'  itemscope=\"itemscope\" itemtype=\"https:\/\/schema.org\/BlogPosting\" itemprop=\"blogPost\" ><a href='https:\/\/amazonia.fiocruz.br\/?p=16578' data-rel='slide-1' class='slide-image' title='Instituto Nacional e Ci\u00eancia e Tecnologia de Vacinas &#8211; INCTV'><img decoding=\"async\" width=\"260\" height=\"185\" src=\"https:\/\/amazonia.fiocruz.br\/wp-content\/uploads\/2016\/07\/vacinas-3_2-260x185.png\" class=\"wp-image-54516 avia-img-lazy-loading-not-54516 attachment-portfolio_small size-portfolio_small wp-post-image\" alt=\"\" \/><\/a><div class='slide-content'><header class=\"entry-content-header\"><h3 class='slide-entry-title entry-title '  itemprop=\"headline\" ><a href='https:\/\/amazonia.fiocruz.br\/?p=16578' title='Instituto Nacional e Ci\u00eancia e Tecnologia de Vacinas &#8211; INCTV'>Instituto Nacional e Ci\u00eancia e Tecnologia de Vacinas &#8211; INCTV<\/a><\/h3><span class=\"av-vertical-delimiter\"><\/span><\/header><div class='slide-meta'><time class='slide-meta-time updated'  itemprop=\"datePublished\" datetime=\"2016-07-18T17:38:03-04:00\" >18 de julho de 2016<\/time><\/div><div class='slide-entry-excerpt entry-content'  itemprop=\"text\" >\r\n\r\n\r\n\r\n<\/div><\/div><footer class=\"entry-footer\"><\/footer><span class='hidden'>\n\t\t\t\t<span class='av-structured-data'  itemprop=\"image\" itemscope=\"itemscope\" itemtype=\"https:\/\/schema.org\/ImageObject\" >\n\t\t\t\t\t\t<span itemprop='url'>https:\/\/amazonia.fiocruz.br\/wp-content\/uploads\/2016\/07\/vacinas-3_2.png<\/span>\n\t\t\t\t\t\t<span itemprop='height'>476<\/span>\n\t\t\t\t\t\t<span itemprop='width'>645<\/span>\n\t\t\t\t<\/span>\n\t\t\t\t<span class='av-structured-data'  itemprop=\"publisher\" itemtype=\"https:\/\/schema.org\/Organization\" itemscope=\"itemscope\" >\n\t\t\t\t\t\t<span itemprop='name'>Marlucia Almeida<\/span>\n\t\t\t\t\t\t<span itemprop='logo' itemscope itemtype='https:\/\/schema.org\/ImageObject'>\n\t\t\t\t\t\t\t<span itemprop='url'>https:\/\/amazonia.fiocruz.br\/wp-content\/uploads\/2024\/06\/Assinatura-conjunta-2024-ILMD-Fiocruz-SUS_branca-1.png<\/span>\n\t\t\t\t\t\t <\/span>\n\t\t\t\t<\/span><span class='av-structured-data'  itemprop=\"author\" itemscope=\"itemscope\" itemtype=\"https:\/\/schema.org\/Person\" ><span itemprop='name'>Marlucia Almeida<\/span><\/span><span class='av-structured-data'  itemprop=\"datePublished\" datetime=\"2016-06-28T17:45:35-04:00\" >2016-07-18 17:38:03<\/span><span class='av-structured-data'  itemprop=\"dateModified\" itemtype=\"https:\/\/schema.org\/dateModified\" >2025-05-20 16:36:05<\/span><span class='av-structured-data'  itemprop=\"mainEntityOfPage\" itemtype=\"https:\/\/schema.org\/mainEntityOfPage\" ><span itemprop='name'>Instituto Nacional e Ci\u00eancia e Tecnologia de Vacinas &#8211; INCTV<\/span><\/span><\/span><\/article><article class='slide-entry flex_column  post-entry post-entry-16574 slide-entry-overview slide-loop-8 slide-parity-even  post-entry-last  av_one_fourth  real-thumbnail post-format-standard'  itemscope=\"itemscope\" itemtype=\"https:\/\/schema.org\/BlogPosting\" itemprop=\"blogPost\" ><a href='https:\/\/amazonia.fiocruz.br\/?p=16574' data-rel='slide-1' class='slide-image' title='Instituto Nacional de Ci\u00eancia e Tecnologia Brasil Plural'><img decoding=\"async\" width=\"260\" height=\"185\" src=\"https:\/\/amazonia.fiocruz.br\/wp-content\/uploads\/2016\/07\/oie_9kiCFUFfoQPK_2-260x185.png\" class=\"wp-image-54517 avia-img-lazy-loading-not-54517 attachment-portfolio_small size-portfolio_small wp-post-image\" alt=\"\" \/><\/a><div class='slide-content'><header class=\"entry-content-header\"><h3 class='slide-entry-title entry-title '  itemprop=\"headline\" ><a href='https:\/\/amazonia.fiocruz.br\/?p=16574' title='Instituto Nacional de Ci\u00eancia e Tecnologia Brasil Plural'>Instituto Nacional de Ci\u00eancia e Tecnologia Brasil Plural<\/a><\/h3><span class=\"av-vertical-delimiter\"><\/span><\/header><div class='slide-meta'><time class='slide-meta-time updated'  itemprop=\"datePublished\" datetime=\"2016-07-18T16:13:29-04:00\" >18 de julho de 2016<\/time><\/div><div class='slide-entry-excerpt entry-content'  itemprop=\"text\" >\r\n\r\n\r\n\r\n<\/div><\/div><footer class=\"entry-footer\"><\/footer><span class='hidden'>\n\t\t\t\t<span class='av-structured-data'  itemprop=\"image\" itemscope=\"itemscope\" itemtype=\"https:\/\/schema.org\/ImageObject\" >\n\t\t\t\t\t\t<span itemprop='url'>https:\/\/amazonia.fiocruz.br\/wp-content\/uploads\/2016\/07\/oie_9kiCFUFfoQPK_2.png<\/span>\n\t\t\t\t\t\t<span itemprop='height'>476<\/span>\n\t\t\t\t\t\t<span itemprop='width'>645<\/span>\n\t\t\t\t<\/span>\n\t\t\t\t<span class='av-structured-data'  itemprop=\"publisher\" itemtype=\"https:\/\/schema.org\/Organization\" itemscope=\"itemscope\" >\n\t\t\t\t\t\t<span itemprop='name'>Marlucia Almeida<\/span>\n\t\t\t\t\t\t<span itemprop='logo' itemscope itemtype='https:\/\/schema.org\/ImageObject'>\n\t\t\t\t\t\t\t<span itemprop='url'>https:\/\/amazonia.fiocruz.br\/wp-content\/uploads\/2024\/06\/Assinatura-conjunta-2024-ILMD-Fiocruz-SUS_branca-1.png<\/span>\n\t\t\t\t\t\t <\/span>\n\t\t\t\t<\/span><span class='av-structured-data'  itemprop=\"author\" itemscope=\"itemscope\" itemtype=\"https:\/\/schema.org\/Person\" ><span itemprop='name'>Marlucia Almeida<\/span><\/span><span class='av-structured-data'  itemprop=\"datePublished\" datetime=\"2016-06-28T17:45:35-04:00\" >2016-07-18 16:13:29<\/span><span class='av-structured-data'  itemprop=\"dateModified\" itemtype=\"https:\/\/schema.org\/dateModified\" >2025-05-20 16:36:56<\/span><span class='av-structured-data'  itemprop=\"mainEntityOfPage\" itemtype=\"https:\/\/schema.org\/mainEntityOfPage\" ><span itemprop='name'>Instituto Nacional de Ci\u00eancia e Tecnologia Brasil Plural<\/span><\/span><\/span><\/article><\/div><\/div><\/div>\n<\/div><\/div><\/div><!-- close content main div --><\/div><\/div><div id='after_section_2'  class='main_color av_default_container_wrap container_wrap sidebar_right' style=' '  ><div class='container' ><div class='template-page content  av-content-small alpha units'><div class='post-entry post-entry-type-page post-entry-15843'><div class='entry-content-wrapper clearfix'>\n","protected":false},"excerpt":{"rendered":"","protected":false},"author":20,"featured_media":0,"comment_status":"closed","ping_status":"closed","sticky":false,"template":"","format":"standard","meta":{"footnotes":""},"categories":[112],"tags":[],"class_list":["post-15843","post","type-post","status-publish","format-standard","hentry","category-redes-de-pesquisa"],"_links":{"self":[{"href":"https:\/\/amazonia.fiocruz.br\/index.php?rest_route=\/wp\/v2\/posts\/15843","targetHints":{"allow":["GET"]}}],"collection":[{"href":"https:\/\/amazonia.fiocruz.br\/index.php?rest_route=\/wp\/v2\/posts"}],"about":[{"href":"https:\/\/amazonia.fiocruz.br\/index.php?rest_route=\/wp\/v2\/types\/post"}],"author":[{"embeddable":true,"href":"https:\/\/amazonia.fiocruz.br\/index.php?rest_route=\/wp\/v2\/users\/20"}],"replies":[{"embeddable":true,"href":"https:\/\/amazonia.fiocruz.br\/index.php?rest_route=%2Fwp%2Fv2%2Fcomments&post=15843"}],"version-history":[{"count":22,"href":"https:\/\/amazonia.fiocruz.br\/index.php?rest_route=\/wp\/v2\/posts\/15843\/revisions"}],"predecessor-version":[{"id":54458,"href":"https:\/\/amazonia.fiocruz.br\/index.php?rest_route=\/wp\/v2\/posts\/15843\/revisions\/54458"}],"wp:attachment":[{"href":"https:\/\/amazonia.fiocruz.br\/index.php?rest_route=%2Fwp%2Fv2%2Fmedia&parent=15843"}],"wp:term":[{"taxonomy":"category","embeddable":true,"href":"https:\/\/amazonia.fiocruz.br\/index.php?rest_route=%2Fwp%2Fv2%2Fcategories&post=15843"},{"taxonomy":"post_tag","embeddable":true,"href":"https:\/\/amazonia.fiocruz.br\/index.php?rest_route=%2Fwp%2Fv2%2Ftags&post=15843"}],"curies":[{"name":"wp","href":"https:\/\/api.w.org\/{rel}","templated":true}]}}